{"id":275650,"date":"2026-08-31T08:09:18","date_gmt":"2026-08-31T06:09:18","guid":{"rendered":"https:\/\/www.cronacaonline.it\/?p=275650"},"modified":"2026-08-31T08:09:47","modified_gmt":"2026-08-31T06:09:47","slug":"275650","status":"publish","type":"post","link":"https:\/\/www.cronacaonline.it\/index.php\/2026\/08\/31\/275650\/","title":{"rendered":"Gli Usa attaccano l&#8217;Iran dopo un mese di stop, morti a Larak. Missili iraniani contro la Giordania."},"content":{"rendered":"\n<p>Teheran, 31 Ago 2026 - Gli ultimi attacchi americani contro l'Iran avevano l'obiettivo di impedire alle forze di Teheran di posare mine nello Stretto di Hormuz. Lo ha affermato il Comando centrale degli Stati uniti, Centcom, dopo che l'agenzia iraniana Fars aveva riferito di diverse esplosioni sull'isola di Larak. \"Le forze statunitensi hanno condotto un'azione limitata e precisa contro unit\u00e0 dei Guardiani della rivoluzione impegnate nella posa di mine e che rappresentavano una minaccia imminente nello Stretto di Hormuz\", ha dichiarato il Centcom su X. Secondo il comando americano, l'operazione era destinata a proteggere la navigazione commerciale e la libera circolazione delle merci attraverso lo stretto.<\/p>\n\n\n\n<p>La Marina delle Guardie rivoluzionarie iraniane ha dichiarato oggi in un comunicato che \"una superpetroliera che aveva violato le norme ha preso fuoco in modo terribile dopo aver urtato due mine marine\".<\/p>\n\n\n\n<p>\"Non stiamo cercando la guerra e questo \u00e8 il chiaro messaggio che abbiamo trasmesso al mondo finora, ma non rimarremo mai calmi di fronte a qualsiasi aggressione e daremo una risposta decisiva agli aggressori\", ha detto questa mattina il presidente Masoud Pezeshkian, citato dall'Irna, in reazione al recente attacco americano all'Iran. \"L'instabilit\u00e0 nella regione non \u00e8 nell'interesse di nessun paese e costituir\u00e0 una sfida per tutti\" ha aggiunto.<\/p>\n\n\n\n<p>Un funzionario americano ha confermato a Fox News che l'Iran sta attaccando le forze Usa in Giordania, dopo che queste hanno colpito 2 lanciamissili iraniani sull'isola di Larak. Secondo la fonte, finora non sono stati segnalati impatti significativi e \u201cquasi\u201d tutti i missili in arrivo sono stati intercettati.<\/p>\n\n\n\n<p>Le&nbsp;Guardie Rivoluzionarie iraniane&nbsp;hanno affermato che l' attacco statunitense contro l\u2019isola di Larak&nbsp;ha causato la morte e il ferimento di diversi combattenti e civili iraniani, e hanno promesso di&nbsp;reagire e punire i responsabili, secondo quanto riportato dall\u2019emittente statale IRIB. Le Guardie non hanno fornito un bilancio preciso delle vittime.<\/p>\n","protected":false},"excerpt":{"rendered":"<p>Teheran, 31 Ago 2026 &#8211; Gli ultimi attacchi americani contro l&#8217;Iran avevano l&#8217;obiettivo di impedire alle forze di Teheran di posare mine nello Stretto di&#8230;<\/p>\n","protected":false},"author":2,"featured_media":275651,"comment_status":"closed","ping_status":"open","sticky":false,"template":"","format":"standard","meta":[],"categories":[49,50],"tags":[],"_links":{"self":[{"href":"https:\/\/www.cronacaonline.it\/index.php\/wp-json\/wp\/v2\/posts\/275650"}],"collection":[{"href":"https:\/\/www.cronacaonline.it\/index.php\/wp-json\/wp\/v2\/posts"}],"about":[{"href":"https:\/\/www.cronacaonline.it\/index.php\/wp-json\/wp\/v2\/types\/post"}],"author":[{"embeddable":true,"href":"https:\/\/www.cronacaonline.it\/index.php\/wp-json\/wp\/v2\/users\/2"}],"replies":[{"embeddable":true,"href":"https:\/\/www.cronacaonline.it\/index.php\/wp-json\/wp\/v2\/comments?post=275650"}],"version-history":[{"count":2,"href":"https:\/\/www.cronacaonline.it\/index.php\/wp-json\/wp\/v2\/posts\/275650\/revisions"}],"predecessor-version":[{"id":275653,"href":"https:\/\/www.cronacaonline.it\/index.php\/wp-json\/wp\/v2\/posts\/275650\/revisions\/275653"}],"wp:featuredmedia":[{"embeddable":true,"href":"https:\/\/www.cronacaonline.it\/index.php\/wp-json\/wp\/v2\/media\/275651"}],"wp:attachment":[{"href":"https:\/\/www.cronacaonline.it\/index.php\/wp-json\/wp\/v2\/media?parent=275650"}],"wp:term":[{"taxonomy":"category","embeddable":true,"href":"https:\/\/www.cronacaonline.it\/index.php\/wp-json\/wp\/v2\/categories?post=275650"},{"taxonomy":"post_tag","embeddable":true,"href":"https:\/\/www.cronacaonline.it\/index.php\/wp-json\/wp\/v2\/tags?post=275650"}],"curies":[{"name":"wp","href":"https:\/\/api.w.org\/{rel}","templated":true}]}}