{"id":273761,"date":"2026-06-19T10:37:26","date_gmt":"2026-06-19T08:37:26","guid":{"rendered":"https:\/\/www.cronacaonline.it\/?p=273761"},"modified":"2026-06-19T10:37:28","modified_gmt":"2026-06-19T08:37:28","slug":"eredita-digitale-regione-in-campo-per-tutelare-i-dati-online-e-la-privacy-dei-defunti-lassessore-cocco-intendiamo-supportare-i-cittadini-sardi-in-questo-importante-percorso-di-tut","status":"publish","type":"post","link":"https:\/\/www.cronacaonline.it\/index.php\/2026\/06\/19\/eredita-digitale-regione-in-campo-per-tutelare-i-dati-online-e-la-privacy-dei-defunti-lassessore-cocco-intendiamo-supportare-i-cittadini-sardi-in-questo-importante-percorso-di-tut\/","title":{"rendered":"Eredit\u00e0 Digitale, Regione in campo per tutelare i dati online e la privacy dei defunti. L\u2019assessore Cocco: \u201cIntendiamo supportare i cittadini sardi in questo importante percorso di tutela della memoria\u201d."},"content":{"rendered":"\n<p>Cagliari, 19 Giu 2026\u00a0- Cosa succede ai dati online delle persone che non ci sono pi\u00f9? Nella maggior parte dei casi l\u2019identit\u00e0 digitale continua a restare in rete per anni e spesso n\u00e9 i parenti n\u00e9 i gestori delle stesse piattaforme riescono ad accedervi o ad evitare che qualcuno vi acceda furtivamente o con finalit\u00e0 illegali. Attualmente nel mondo esistono oltre 400 milioni di profili online appartenenti a persone defunte e si prevede che nel 2060 possano arrivare addirittura a 9 miliardi. Per contrastare l\u2019esposizione mediatica incontrollata causata dalla morte dei titolari dei profili, la Regione Sardegna, tramite l\u2019Assessorato degli Affari generali, intende avviare un progetto precursore, a livello nazionale, che consenta di erogare servizi di supporto ai cittadini in materia di eredit\u00e0 digitale per la tutela della privacy e la salvaguardia dei diritti in capo agli eredi o agli aventi causa.<\/p>\n\n\n\n<p>\u00c8 emerso durante l\u2019incontro formativo sulla \u201cSovranit\u00e0 digitale ed eredit\u00e0 digitale\u201d rivolto ai facilitatori digitali che operano nei comuni della Sardegna, rivolto ai facilitatori digitali che operano nei comuni della Sardegna, che si \u00e8 svolto nella sala riunioni della direzione generale dell\u2019Innovazione Digitale dell\u2019Assessorato degli Affari generali.<\/p>\n\n\n\n<p>\u201cIn una regione come la Sardegna dove abbondano gli anziani e mancano i giovani \u00e8 fondamentale pensare alla salvaguardia dei diritti degli individui senza per\u00f2 dimenticare i nostri cari che non sono pi\u00f9 tra noi o che verranno a mancare nel futuro\u201d, ha spiegato l\u2019assessore degli Affari Generali, Sebastian Cocco. \u201cOggi le nostre esistenze viaggiano online con una velocit\u00e0 di condivisione dei dati personali che \u00e8 impressionante e tutti ci preoccupiamo di garantire sicurezza a questi dati finch\u00e9 siamo in vita. Ma occorre tutelare i dati anche quando le persone non sono pi\u00f9 in vita. Il tema non \u00e8 banale e pone importanti problemi di tutela della privacy, soprattutto oggi con l\u2019impiego crescente di nuove tecnologie come l\u2019IA e per l\u2019uso incontrollato dei cos\u00ec detti deepfake\u201d.<\/p>\n\n\n\n<p>L\u2019incontro di ieri \u00e8 stato l\u2019occasione per un report sui servizi erogati e sul numero di prestazioni rese ma soprattutto per introdurre ed affrontare nuove tematiche di grande rilevanza come appunto l\u2019eredit\u00e0 digitale. Ad oggi sono circa 40 mila i sardi assistiti dagli oltre 120 punti di facilitazione attivati dalla Regione Sardegna nell\u2019isola. I centri, finanziati con la Misura 1.7.2 del PNRR e con risorse regionali, hanno supportato i comuni nell\u2019erogazione di quasi 65 mila servizi ai cittadini, servizi che spaziano dal supporto alla compilazione di domande destinate ad Enti ed Agenzie come l\u2019INPS o l\u2019Agenzia delle Entrate, fino all\u2019assistenza nella ricerca di offerte di lavoro o di alloggi. Fondamentale per il loro funzionamento \u00e8 stata la collaborazione con l\u2019Aspal e i Centri per l\u2019impiego. \u201cSono molto soddisfatto dell\u2019attivit\u00e0 svolta dai facilitatori digitali\u201d, ha concluso l\u2019assessore Cocco. \u201cAd oggi abbiamo raggiunto una buona percentuale degli obiettivi posti dal PNRR sia rispetto ai servizi resi che riguardo al numero di accessi agli sportelli. Considerando le prossime scadenze imposte dalla chiusura del PNRR, \u00e8 nostro intendimento garantire la prosecuzione dell\u2019offerta di questi importanti servizi a supporto dei cittadini e dei comuni, con la previsione di ampliare la sfera di competenze, ad esempio, in materia di eredit\u00e0 digitale\u201d. Com<\/p>\n","protected":false},"excerpt":{"rendered":"<p>Cagliari, 19 Giu 2026\u00a0&#8211; Cosa succede ai dati online delle persone che non ci sono pi\u00f9? Nella maggior parte dei casi l\u2019identit\u00e0 digitale continua a&#8230;<\/p>\n","protected":false},"author":2,"featured_media":273762,"comment_status":"closed","ping_status":"open","sticky":false,"template":"","format":"standard","meta":[],"categories":[49,52],"tags":[],"_links":{"self":[{"href":"https:\/\/www.cronacaonline.it\/index.php\/wp-json\/wp\/v2\/posts\/273761"}],"collection":[{"href":"https:\/\/www.cronacaonline.it\/index.php\/wp-json\/wp\/v2\/posts"}],"about":[{"href":"https:\/\/www.cronacaonline.it\/index.php\/wp-json\/wp\/v2\/types\/post"}],"author":[{"embeddable":true,"href":"https:\/\/www.cronacaonline.it\/index.php\/wp-json\/wp\/v2\/users\/2"}],"replies":[{"embeddable":true,"href":"https:\/\/www.cronacaonline.it\/index.php\/wp-json\/wp\/v2\/comments?post=273761"}],"version-history":[{"count":1,"href":"https:\/\/www.cronacaonline.it\/index.php\/wp-json\/wp\/v2\/posts\/273761\/revisions"}],"predecessor-version":[{"id":273763,"href":"https:\/\/www.cronacaonline.it\/index.php\/wp-json\/wp\/v2\/posts\/273761\/revisions\/273763"}],"wp:featuredmedia":[{"embeddable":true,"href":"https:\/\/www.cronacaonline.it\/index.php\/wp-json\/wp\/v2\/media\/273762"}],"wp:attachment":[{"href":"https:\/\/www.cronacaonline.it\/index.php\/wp-json\/wp\/v2\/media?parent=273761"}],"wp:term":[{"taxonomy":"category","embeddable":true,"href":"https:\/\/www.cronacaonline.it\/index.php\/wp-json\/wp\/v2\/categories?post=273761"},{"taxonomy":"post_tag","embeddable":true,"href":"https:\/\/www.cronacaonline.it\/index.php\/wp-json\/wp\/v2\/tags?post=273761"}],"curies":[{"name":"wp","href":"https:\/\/api.w.org\/{rel}","templated":true}]}}