{"id":272144,"date":"2026-05-02T12:08:28","date_gmt":"2026-05-02T10:08:28","guid":{"rendered":"https:\/\/www.cronacaonline.it\/?p=272144"},"modified":"2026-05-02T12:08:30","modified_gmt":"2026-05-02T10:08:30","slug":"sicurezza-e-prossimita-sul-litorale-marino-di-quartu-santelena-riapre-con-largo-anticipo-la-stazione-temporanea-dei-carabinieri-di-flumini-di-quartu","status":"publish","type":"post","link":"https:\/\/www.cronacaonline.it\/index.php\/2026\/05\/02\/sicurezza-e-prossimita-sul-litorale-marino-di-quartu-santelena-riapre-con-largo-anticipo-la-stazione-temporanea-dei-carabinieri-di-flumini-di-quartu\/","title":{"rendered":"Sicurezza e prossimit\u00e0 sul litorale marino di Quartu Sant\u2019Elena: riapre con largo anticipo la Stazione temporanea dei Carabinieri di Flumini di Quartu."},"content":{"rendered":"\n<p>Quartu Sant\u2019Elena (Ca), 2 Magg 2026 \u2013 Da oggi e fino al prossimo 15 settembre, il litorale quartese potr\u00e0 contare su un importante e consolidato punto di riferimento per la legalit\u00e0 e l\u2019assistenza ai cittadini. Ha infatti riaperto le sue porte ai cittadini la Stazione temporanea dei Carabinieri di Flumini di Quartu, presidio strategico che quest\u2019anno, proprio in virt\u00f9 della sua comprovata efficacia nel far fronte alle esigenze di un territorio vasto e densamente popolato, vede la propria operativit\u00e0 anticipata rispetto alla consueta programmazione stagionale.<\/p>\n\n\n\n<p>La temporanea Stazione sar\u00e0 aperto al pubblico ogni giorno, nella fascia oraria compresa tra le 10:00 e le 18:00, garantendo una presenza costante e visibile in una porzione di territorio che, con l\u2019avvio della stagione estiva, registra un incremento esponenziale di residenti e turisti. La decisione di prolungare il periodo di apertura del comando riflette l\u2019attenzione dell\u2019Arma dei Carabinieri verso le istanze della comunit\u00e0 e la volont\u00e0 di assicurare una risposta ancora pi\u00f9 tempestiva e capillare alle richieste di intervento e sicurezza.<\/p>\n\n\n\n<p>Il presidio, ospitato come di consueto in locali messi a disposizione dall\u2019Amministrazione Comunale, agir\u00e0 in stretta sinergia con le pattuglie della Compagnia di Quartu Sant\u2019Elena, potenziando i servizi di perlustrazione lungo l\u2019asse litoraneo e nelle aree residenziali interne. La funzione della Stazione di Flumini non si limiter\u00e0 alla prevenzione e al contrasto dei reati, ma si concentrer\u00e0 anche sulla prossimit\u00e0 nei confronti dei cittadini e nei necessari controlli alla sicurezza stradale.<\/p>\n\n\n\n<p>L\u2019apertura anticipata rappresenta un investimento concreto in termini di sicurezza sul territorio, volto a rafforzare il legame di fiducia tra l\u2019Arma e i cittadini attraverso una presenza rassicurante e professionale in ogni momento della giornata, confermando l\u2019importanza di un modello di sicurezza partecipata e integrata, orientato a garantire una cornice di legalit\u00e0 e serenit\u00e0.<\/p>\n\n\n\n<p>L\u2019attivazione del presidio stagionale si inserisce nel pi\u00f9 ampio dispositivo di controllo del territorio predisposto dal Comando Provinciale dei Carabinieri di Cagliari, finalizzato a garantire una vigilanza costante e un pronto intervento efficace anche nelle aree a maggiore vocazione turistica della provincia.<\/p>\n","protected":false},"excerpt":{"rendered":"<p>Quartu Sant\u2019Elena (Ca), 2 Magg 2026 \u2013 Da oggi e fino al prossimo 15 settembre, il litorale quartese potr\u00e0 contare su un importante e consolidato&#8230;<\/p>\n","protected":false},"author":2,"featured_media":272145,"comment_status":"closed","ping_status":"open","sticky":false,"template":"","format":"standard","meta":[],"categories":[49,55],"tags":[],"_links":{"self":[{"href":"https:\/\/www.cronacaonline.it\/index.php\/wp-json\/wp\/v2\/posts\/272144"}],"collection":[{"href":"https:\/\/www.cronacaonline.it\/index.php\/wp-json\/wp\/v2\/posts"}],"about":[{"href":"https:\/\/www.cronacaonline.it\/index.php\/wp-json\/wp\/v2\/types\/post"}],"author":[{"embeddable":true,"href":"https:\/\/www.cronacaonline.it\/index.php\/wp-json\/wp\/v2\/users\/2"}],"replies":[{"embeddable":true,"href":"https:\/\/www.cronacaonline.it\/index.php\/wp-json\/wp\/v2\/comments?post=272144"}],"version-history":[{"count":1,"href":"https:\/\/www.cronacaonline.it\/index.php\/wp-json\/wp\/v2\/posts\/272144\/revisions"}],"predecessor-version":[{"id":272146,"href":"https:\/\/www.cronacaonline.it\/index.php\/wp-json\/wp\/v2\/posts\/272144\/revisions\/272146"}],"wp:featuredmedia":[{"embeddable":true,"href":"https:\/\/www.cronacaonline.it\/index.php\/wp-json\/wp\/v2\/media\/272145"}],"wp:attachment":[{"href":"https:\/\/www.cronacaonline.it\/index.php\/wp-json\/wp\/v2\/media?parent=272144"}],"wp:term":[{"taxonomy":"category","embeddable":true,"href":"https:\/\/www.cronacaonline.it\/index.php\/wp-json\/wp\/v2\/categories?post=272144"},{"taxonomy":"post_tag","embeddable":true,"href":"https:\/\/www.cronacaonline.it\/index.php\/wp-json\/wp\/v2\/tags?post=272144"}],"curies":[{"name":"wp","href":"https:\/\/api.w.org\/{rel}","templated":true}]}}