{"id":272126,"date":"2026-05-01T16:03:37","date_gmt":"2026-05-01T14:03:37","guid":{"rendered":"https:\/\/www.cronacaonline.it\/?p=272126"},"modified":"2026-05-01T16:03:39","modified_gmt":"2026-05-01T14:03:39","slug":"primo-maggio-cortei-per-lavoro-piu-sicuro-e-dignitoso-tensioni-a-torino-tra-antagonisti-e-polizia-la-partecipazione-dei-segretari-generali-di-cgil-cisl-e-uil-a-marghera-concerti-a-roma-bologna-e","status":"publish","type":"post","link":"https:\/\/www.cronacaonline.it\/index.php\/2026\/05\/01\/primo-maggio-cortei-per-lavoro-piu-sicuro-e-dignitoso-tensioni-a-torino-tra-antagonisti-e-polizia-la-partecipazione-dei-segretari-generali-di-cgil-cisl-e-uil-a-marghera-concerti-a-roma-bologna-e\/","title":{"rendered":"Primo Maggio. Cortei per lavoro pi\u00f9 sicuro e dignitoso. Tensioni a Torino tra antagonisti e polizia. La partecipazione dei segretari generali di Cgil, Cisl e Uil a Marghera. Concerti a Roma, Bologna e Taranto.\u00a0"},"content":{"rendered":"\n<p>Cagliari, 1 Magg 2026 - Sono\u00a010mila i lavoratori\u00a0che stamani \"hanno scelto di festeggiare il lavoro, sancito come valore costituzionale e imprescindibile\" nelle piazze del\u00a0Friuli Venezia Giulia. \u00c8 la stima di Cgil, Cisl e Uil.<br>Dai palchi di Cervignano - dove hanno sfilato anche i trattori -, Gradisca, Trieste, Pordenone e Cave del Predil, il coro \u00e8 stato unanime: \"il lavoro va rimesso al centro e non progressivamente mortificato. La parola chiave \u00e8 contrattazione: \u00e8 solo attraverso questa buona pratica, esercitata nei luoghi di lavoro e nei territori, che si possono dare risposte concrete ai bisogni delle persone. Contrattazione non solo per incrementare i salari, ma anche per blindare nuovi diritti e tutele in un mondo del lavoro che sta cambiando\".<br>Focus anche sulla salute e sicurezza nei luoghi di lavoro, con l'appello a \"non abbassare la guardia\", e sull'IA, con \"la forte, determinata, riaffermazione della centralit\u00e0 del valore umano\" e \"l'appello a una regia condivisa dell'IA che dia risposte in termini di utilizzo etico e di tutela della persona-lavoratore\". Diversi poi gli appelli alla pace, con le bandiere arcobaleno.<\/p>\n\n\n\n<p>\"Il lavoro \u00e8 presidio della societ\u00e0 ed espressione della libert\u00e0 della persona, \u00e8 dignit\u00e0. L'obiettivo di una nuova e piena occupazione \u00e8 il messaggio dei costituenti che hanno voluto che la repubblica fosse fondata sul lavoro, per sottolineare che la repubblica sarebbe stato il tempo delle opportunit\u00e0\". Lo&nbsp;<a href=\"https:\/\/www.rainews.it\/articoli\/2026\/04\/primo-maggio-mattarella-lavoro-costituenti-occupazione-capo-dello-stato-auditorium-del-museo-piaggio-a-pontedera-9dc99cdc-bc60-462b-ad4c-b1996ce57eb8.html\" target=\"_blank\" rel=\"noreferrer noopener\">ha detto il presidente della Repubblica,&nbsp;Sergio Mattarella<\/a>, celebrando la&nbsp;Festa del Lavoro a Pontedera.&nbsp;<br>Dal palco di Cervignano il segretario generale della Cgil Fvg, Michele Piga, ha parlato del decreto lavoro varato dal governo ritenendolo \"del tutto insufficiente a contrastare il potere d'acquisto di lavoratori e lavoratrici\" e ha invitato il presidente del Fvg, Massimiliano Fedriga, ad avere \"coraggio: ascolti queste piazze e affronti da subito la discussione sul protocollo regionale sugli appalti\".<br>Dalle 16 in piazza Venerio a Udine \u00e8 in programma la prima edizione del concertone promosso da Cgil, Cisl, Legacoop, Confcooperative, Coop Alleanza 3.0, Culture Arti e Saperi, Carr Service e patrocinato dal Comune.<\/p>\n\n\n\n<p>\"Il lavoro dignitoso non \u00e8 un semplice slogan, \u00e8 un obiettivo ed \u00e8 una rivendicazione. Per affermarlo c'\u00e8 un primo tema fondamentale che si chiama salario: una questione grande come una casa che dobbiamo affrontare\".<br>Cos\u00ec il segretario generale della Cgil,&nbsp;Maurizio Landini, dal palco del Primo maggio a Marghera. \"Bisogna rinnovare i contratti e trovare un meccanismo che permetta di rivalutare annualmente i salari in base all'inflazione reale\", afferma Landini, sostenendo la necessit\u00e0 di neutralizzare il drenaggio fiscale. \"Oggi chi paga le tasse sono i lavoratori dipendenti e i pensionati\", rimarca.<\/p>\n\n\n\n<p>&nbsp;\"E' un primo maggio importantissimo qui a&nbsp;Marghera, con i sindacati uniti. Una piazza unitaria importante per difendere la dignit\u00e0 del lavoro.<br>C'\u00e8 ancora troppo lavoro povero e lavoro precario in una Repubblica che \u00e8 fondata sul lavoro. E, appunto, fondata sul lavoro non vuol dire fondata sulla cassa integrazione, fondata sul lavoro povero e precario che colpisce soprattutto i giovani di questo Paese\". Cos\u00ec la segretaria del Pd&nbsp;Elly Schlein, dalla piazza del Primo maggio a Marghera.<br>\"Gli aumenti dell'occupazione stanno riguardando quasi esclusivamente i lavoratori over 50. Dobbiamo accendere un faro di attenzione sulle condizioni materiali dei lavoratori pi\u00f9 giovani, perch\u00e9 sotto i 24 anni pi\u00f9 della met\u00e0 dei lavoratori ha dei contratti precari. E se hai un contratto precario non riesci a uscire di casa, non riesci a pagare un affitto, non riesci a farti una famiglia se te la vuoi fare. Quindi serve un'azione forte di contrasto alla precariet\u00e0, che in altri paesi come la Spagna \u00e8 stata concertata con le imprese e i sindacati e sta portando dei risultati di crescita molto significativi\", aggiunge.<\/p>\n\n\n\n<p>\"Stamattina, mentre mi preparavo per il corteo del primo maggio, mia figlia Sara mi ha chiesto: \"Mamma, cos'\u00e8 un corteo?\". Non avrei potuto trovare risposta migliore di portarla con me in piazza. Perch\u00e9 certe cose non si spiegano con le parole, si capiscono guardando le facce di chi cammina accanto a te - operai, infermieri, insegnanti, precari - e sentendo che quella camminata insieme ha un senso profondo, che viene da lontano e che parla di futuro. Il primo maggio \u00e8 questo: \u00e8 la memoria di chi ha lottato perch\u00e9 il lavoro avesse dignit\u00e0. Ed \u00e8 l'urgenza di chi ancora oggi quella dignit\u00e0 la deve conquistare, o difendere, giorno dopo giorno\". \u00c8 quanto ha scritto la Deputata M5s Chiara Appendino, corteo a Torino per il Prio Maggio, in un post sui suoi canali social.<br>\"Penso - ha aggiunto - a chi guadagna meno di 9 euro l'ora, a chi \u00e8 in cassa integrazione, a chi rischia la vita sul posto di lavoro, a chi non ha nessuna garanzia sul proprio futuro. A tutte e tutti loro, oggi, voglio dire una cosa sola: non siete invisibili. Noi vi vediamo. E a Sara, che oggi cammina accanto a me, voglio dire che questo \u00e8 uno dei giorni pi\u00f9 belli dell'anno. Perch\u00e9 in piazza, il primo maggio, si respira la convinzione che le cose si possono cambiare. Buon primo maggio\".<\/p>\n\n\n\n<p>\u00c8 tornata la calma nel quartiere Vanchiglia di Torino, dove dopo il corteo del Primo maggio ci sono stati scontri tra autonomi e forze dell'ordine davanti alla palazzina che per trent'anni, fino allo sgombero di dicembre, ha ospitato il centro sociale Askatasuna.<br>Parte dello spezzone sociale \u00e8 ripartito in corteo sul lungo Dora per raggiungere i giardini Pozzo, non lontano dal campus universitario Einaudi, dove ci sar\u00e0 il pranzo per la festa dei lavoratori, organizzata dagli autonomi. Un evento che nei giorni scorsi&nbsp;avevano chiesto di fare nel giardino dell'ex centro sociale, ma per cui era arrivato il no da parte della prefettura.<br>\"Il corteo si \u00e8 ripreso le strade di Vanchiglia, rispondendo con forza e dignit\u00e0. Vanchiglia \u00e8 nostra\" dicono al microfono.<br>A quanto si apprende dai manifestanti ci sarebbero stati alcuni feriti durante i disordini, soccorsi sul posto dagli stessi attivisti.<\/p>\n\n\n\n<p>Sindacati e lavoratori hanno attraversato le vie di Trieste riuniti in un lungo corteo partito da Campo San Giacomo e giunto in tarda mattinata nella centrale piazza Unit\u00e0 d'Italia. Con garofani rossi in mano, bandiere sindacali, striscioni e musica, i manifestanti hanno ribadito che \"Il lavoro non \u00e8 uno slogan: \u00e8 dignit\u00e0, futuro e libert\u00e0\".<br>L'iniziativa \u00e8 stata promossa da Cgil, Cisl e Uil in occasione del Primo Maggio. Circa 3mila i partecipanti secondo una stima della Questura, 5mila la cifra calcolata dai sindacati. Presenti le rappresentanze studentesche con lo striscione \"Cercate braccia, avrete persone\". Esposte anche bandiere di partiti, tra cui, Avs, Pd, M5s, Adesso Trieste, Rifondazione comunista. \"Un lavoro che non \u00e8 dignitoso non consente alle giovani generazioni di rimanere in Italia e investire qui la propria formazione\", ha detto il segretario generale della Cgil Trieste, Massimo Marega. \"Stiamo provando a mettere insieme, attraverso tavoli interlocutori con le associazioni datoriali, tutte le nostre esigenze per sollecitare il governo e le istituzioni a rispettare il lavoro e a ridurre il lavoro povero. Questo \u00e8 un Primo maggio unitario per i lavoratori e le lavoratrici\", ha affermato Vera Buonomo, della segreteria nazionale Uil. \"Il lavoro va difeso sempre pi\u00f9 da quello che \u00e8 l'impatto dell'IA, che deve essere governata e gestita e non rappresentare gli interessi di pochi, impoverendo la dignit\u00e0 del lavoro\", ha sottolineato Andrea Blau della Fisascat-Cisl.<br>In coda al corteo, separato dall'iniziativa di Cgil, Cisl e Uil, si \u00e8 formato uno spezzone sociale promosso da Usb con lo slogan \"Il lavoro ripudia la guerra. Blocchiamo le armi, alziamo i salari\". Lo spezzone sociale ha terminato il suo percorso nella vicina piazza della Borsa.<br>Come gi\u00e0 accaduto in passato, al corteo cittadino erano presenti alcuni simboli che richiamano alla Repubblica federativa di Jugoslavia, tra cui bandiere portate da partecipanti nostalgici.<\/p>\n\n\n\n<p>I giardini Pozzo, non lontano dal campus universitario Einaudi, dove ci sar\u00e0 il pranzo per la festa dei lavoratori, organizzata dagli autonomi. Un evento che nei giorni scorsi&nbsp;avevano chiesto di fare nel giardino dell'ex centro sociale, ma per cui era arrivato il no da parte della prefettura.<\/p>\n\n\n\n<p>Un gruppo di autonomi \u00e8 riuscito a raggiungere il cancello del giardino dell'ex centro sociale&nbsp;Askatasuna a Torino&nbsp;e ad aprirlo. All'interno per\u00f2 c'erano i reparti mobili della polizia, che hanno caricato e lanciato lacrimogeni per respingerli.<br>I manifestanti, rimasti alcune centinaia, continuano a girare per il quartiere di Vanchiglia, quello dell'ex Askatasuna, alcuni di loro a volto coperto, e tentano ripetutamente di attaccare il retro del centro sociale. Contro le forze dell'ordine c'\u00e8 stato un fitto lancio di bottiglie di vetro e qualche sasso.<\/p>\n","protected":false},"excerpt":{"rendered":"<p>Cagliari, 1 Magg 2026 &#8211; Sono\u00a010mila i lavoratori\u00a0che stamani &#8220;hanno scelto di festeggiare il lavoro, sancito come valore costituzionale e imprescindibile&#8221; nelle piazze del\u00a0Friuli Venezia&#8230;<\/p>\n","protected":false},"author":2,"featured_media":272127,"comment_status":"closed","ping_status":"open","sticky":false,"template":"","format":"standard","meta":[],"categories":[49,50],"tags":[],"_links":{"self":[{"href":"https:\/\/www.cronacaonline.it\/index.php\/wp-json\/wp\/v2\/posts\/272126"}],"collection":[{"href":"https:\/\/www.cronacaonline.it\/index.php\/wp-json\/wp\/v2\/posts"}],"about":[{"href":"https:\/\/www.cronacaonline.it\/index.php\/wp-json\/wp\/v2\/types\/post"}],"author":[{"embeddable":true,"href":"https:\/\/www.cronacaonline.it\/index.php\/wp-json\/wp\/v2\/users\/2"}],"replies":[{"embeddable":true,"href":"https:\/\/www.cronacaonline.it\/index.php\/wp-json\/wp\/v2\/comments?post=272126"}],"version-history":[{"count":1,"href":"https:\/\/www.cronacaonline.it\/index.php\/wp-json\/wp\/v2\/posts\/272126\/revisions"}],"predecessor-version":[{"id":272128,"href":"https:\/\/www.cronacaonline.it\/index.php\/wp-json\/wp\/v2\/posts\/272126\/revisions\/272128"}],"wp:featuredmedia":[{"embeddable":true,"href":"https:\/\/www.cronacaonline.it\/index.php\/wp-json\/wp\/v2\/media\/272127"}],"wp:attachment":[{"href":"https:\/\/www.cronacaonline.it\/index.php\/wp-json\/wp\/v2\/media?parent=272126"}],"wp:term":[{"taxonomy":"category","embeddable":true,"href":"https:\/\/www.cronacaonline.it\/index.php\/wp-json\/wp\/v2\/categories?post=272126"},{"taxonomy":"post_tag","embeddable":true,"href":"https:\/\/www.cronacaonline.it\/index.php\/wp-json\/wp\/v2\/tags?post=272126"}],"curies":[{"name":"wp","href":"https:\/\/api.w.org\/{rel}","templated":true}]}}