{"id":272121,"date":"2026-05-01T12:10:10","date_gmt":"2026-05-01T10:10:10","guid":{"rendered":"https:\/\/www.cronacaonline.it\/?p=272121"},"modified":"2026-05-01T12:10:12","modified_gmt":"2026-05-01T10:10:12","slug":"272121","status":"publish","type":"post","link":"https:\/\/www.cronacaonline.it\/index.php\/2026\/05\/01\/272121\/","title":{"rendered":"(title)"},"content":{"rendered":"\n<p>Un giovane fugge all\u2019alt dei Carabinieri della Stazione di Siliqua e subito dopo parte l\u2019inseguimento per ventinove chilometri: arrestato un ventenne di Assemini senza patente.<\/p>\n\n\n\n<p>Siliqua (Ca), 1 Magg 2026 \u2013 Una serata dedicata ai consueti controlli per la sicurezza stradale si \u00e8 trasformata in un lungo inseguimento tra le strade del cagliaritano, nel rispetto dei diritti delle persone coinvolte e della presunzione di innocenza, per quanto risulta allo stato e salvo ulteriori approfondimenti, stante la fase attuale delle indagini preliminari, conclusosi con l'arresto di un giovane conducente.<\/p>\n\n\n\n<p>I fatti hanno avuto inizio nella serata di ieri a Siliqua, quando i della Stazione del paese, hanno intimato l\u2019alt a una Lancia Y a noleggio per un ordinario controllo alla circolazione. Il conducente, invece di arrestare la marcia, ha accelerato repentinamente, dando vita a una fuga precipitosa nel tentativo di sottrarsi agli accertamenti.<\/p>\n\n\n\n<p>Quindi ne \u00e8 scaturito un inseguimento protrattosi per circa 29 chilometri, durante il quale il veicolo ha proceduto a velocit\u00e0 elevata, mettendo a rischio la propria incolumit\u00e0 e quella degli altri utenti della strada. La complessa operazione si \u00e8 risolta positivamente solo grazie all\u2019efficace coordinamento della Centrale Operativa, che ha gestito gli spostamenti delle pattuglie della Stazione di Siliqua, dell\u2019Aliquota Radiomobile e della Stazione di Vallermosa. Grazie a questa sinergia, i militari sono riusciti a intercettare la traiettoria del fuggitivo e a bloccare il mezzo, evitando conseguenze ulteriori.<\/p>\n\n\n\n<p>L\u2019identificazione ha poi permesso di appurare che al volante si trovava un disoccupato ventenne di Assemini e che il probabile movente della rocambolesca fuga sia da ricercarsi nella mancanza del titolo abilitativo alla guida: dagli approfondimenti dei Carabinieri \u00e8 infatti emerso che il giovane non avrebbe mai conseguito la patente di guida. Fortunatamente, nonostante la concitazione delle fasi operative, non si sono registrati feriti n\u00e9 danni a persone o cose.<\/p>\n\n\n\n<p>Ricostruita la vicenda, l\u2019arrestato, ritenuto responsabile dei reati di resistenza a pubblico ufficiale e fuga in condizioni di pericolo, \u00e8 stato accompagnato presso la propria abitazione in regime di arresti domiciliari. Il giovane rimarr\u00e0 a disposizione dell\u2019Autorit\u00e0 Giudiziaria in attesa del giudizio con rito direttissimo, previsto per la mattinata di domani.<\/p>\n\n\n\n<p>L\u2019operazione conferma l\u2019importanza della presenza capillare e della capacit\u00e0 di reazione immediata dei reparti dell\u2019Arma dei Carabinieri sul territorio, elementi fondamentali per contrastare condotte irresponsabili e garantire la sicurezza stradale e la tutela della collettivit\u00e0.<\/p>\n","protected":false},"excerpt":{"rendered":"<p>Un giovane fugge all\u2019alt dei Carabinieri della Stazione di Siliqua e subito dopo parte l\u2019inseguimento per ventinove chilometri: arrestato un ventenne di Assemini senza patente.&#8230;<\/p>\n","protected":false},"author":2,"featured_media":239759,"comment_status":"closed","ping_status":"open","sticky":false,"template":"","format":"standard","meta":[],"categories":[49,55],"tags":[],"_links":{"self":[{"href":"https:\/\/www.cronacaonline.it\/index.php\/wp-json\/wp\/v2\/posts\/272121"}],"collection":[{"href":"https:\/\/www.cronacaonline.it\/index.php\/wp-json\/wp\/v2\/posts"}],"about":[{"href":"https:\/\/www.cronacaonline.it\/index.php\/wp-json\/wp\/v2\/types\/post"}],"author":[{"embeddable":true,"href":"https:\/\/www.cronacaonline.it\/index.php\/wp-json\/wp\/v2\/users\/2"}],"replies":[{"embeddable":true,"href":"https:\/\/www.cronacaonline.it\/index.php\/wp-json\/wp\/v2\/comments?post=272121"}],"version-history":[{"count":1,"href":"https:\/\/www.cronacaonline.it\/index.php\/wp-json\/wp\/v2\/posts\/272121\/revisions"}],"predecessor-version":[{"id":272122,"href":"https:\/\/www.cronacaonline.it\/index.php\/wp-json\/wp\/v2\/posts\/272121\/revisions\/272122"}],"wp:featuredmedia":[{"embeddable":true,"href":"https:\/\/www.cronacaonline.it\/index.php\/wp-json\/wp\/v2\/media\/239759"}],"wp:attachment":[{"href":"https:\/\/www.cronacaonline.it\/index.php\/wp-json\/wp\/v2\/media?parent=272121"}],"wp:term":[{"taxonomy":"category","embeddable":true,"href":"https:\/\/www.cronacaonline.it\/index.php\/wp-json\/wp\/v2\/categories?post=272121"},{"taxonomy":"post_tag","embeddable":true,"href":"https:\/\/www.cronacaonline.it\/index.php\/wp-json\/wp\/v2\/tags?post=272121"}],"curies":[{"name":"wp","href":"https:\/\/api.w.org\/{rel}","templated":true}]}}