{"id":272116,"date":"2026-04-30T15:57:36","date_gmt":"2026-04-30T13:57:36","guid":{"rendered":"https:\/\/www.cronacaonline.it\/?p=272116"},"modified":"2026-04-30T15:57:38","modified_gmt":"2026-04-30T13:57:38","slug":"caro-carburante-e-continuita-territoriale-lassessora-dei-trasporti-barbara-manca-la-tutela-delle-tariffe-per-i-sardi-e-una-priorita-assoluta-massima-collaborazione-per-trovare-sol","status":"publish","type":"post","link":"https:\/\/www.cronacaonline.it\/index.php\/2026\/04\/30\/caro-carburante-e-continuita-territoriale-lassessora-dei-trasporti-barbara-manca-la-tutela-delle-tariffe-per-i-sardi-e-una-priorita-assoluta-massima-collaborazione-per-trovare-sol\/","title":{"rendered":"Caro carburante e continuit\u00e0 territoriale, l\u2019assessora dei trasporti Barbara Manca: \u201cLa tutela delle tariffe per i sardi \u00e8 una priorit\u00e0 assoluta. Massima collaborazione per trovare soluzioni percorribili\u201d."},"content":{"rendered":"\n<p>Cagliari, 30 Apr 2026\u00a0- L\u2019assessora dei Traporti Barbara Manca interviene sull\u2019aumento dei costi del carburante e sugli allarmi che ci\u00f2 possa comportare un aumento delle tariffe per quanti viaggiano in regime di continuit\u00e0 territoriale aerea.<\/p>\n\n\n\n<p>\u201cConosciamo la complessit\u00e0 del momento e le difficolt\u00e0 che il sistema del trasporto aereo sta vivendo a causa dell\u2019aumento dei costi energetici \u2013 dichiara l\u2019assessora Manca \u2013 ma \u00e8 fondamentale chiarire che il sistema di continuit\u00e0 territoriale oggi operativo in Sardegna, definito da un Decreto Ministeriale coerente con la normativa europea, volutamente e per scelta, non consente incrementi tariffari a carico dei residenti, n\u00e9 pu\u00f2 essere modificato con decisioni non condivise e assunte sull\u2019onda dell\u2019emergenza\u201d.<\/p>\n\n\n\n<p>L\u2019assessora sottolinea che \u201cla tutela delle tariffe per i cittadini sardi \u00e8 e resta una priorit\u00e0 assoluta. Siamo consapevoli del contesto e pronti alla leale collaborazione istituzionale, ma qualsiasi eventuale revisione pu\u00f2 avvenire solo attraverso un confronto formale e strutturato tra Ministero, Regione, ENAC, finalizzato a individuare soluzioni che mantengano sano il sistema, ma non gravino sui passeggeri\u201d.<\/p>\n\n\n\n<p>\u201cLimitarsi a segnalare un problema e indicare l\u2019aumento delle tariffe come risposta - prosegue - non \u00e8 pragmatismo: \u00e8 necessario assumersi responsabilit\u00e0 e individuare soluzioni percorribili\u201d.<\/p>\n\n\n\n<p>\u201cLa Regione Sardegna \u2013 conclude Manca - \u00e8 gi\u00e0 al lavoro e pronta a fare la propria parte fino in fondo, ma su un punto non arretreremo: la continuit\u00e0 territoriale \u00e8 un servizio pubblico essenziale e, come tale, va tutelato con strumenti adeguati, responsabilit\u00e0 condivise e rispetto della specificit\u00e0 della Sardegna come isola\u201d. Com<\/p>\n","protected":false},"excerpt":{"rendered":"<p>Cagliari, 30 Apr 2026\u00a0&#8211; L\u2019assessora dei Traporti Barbara Manca interviene sull\u2019aumento dei costi del carburante e sugli allarmi che ci\u00f2 possa comportare un aumento delle&#8230;<\/p>\n","protected":false},"author":2,"featured_media":271427,"comment_status":"closed","ping_status":"open","sticky":false,"template":"","format":"standard","meta":[],"categories":[49,52],"tags":[],"_links":{"self":[{"href":"https:\/\/www.cronacaonline.it\/index.php\/wp-json\/wp\/v2\/posts\/272116"}],"collection":[{"href":"https:\/\/www.cronacaonline.it\/index.php\/wp-json\/wp\/v2\/posts"}],"about":[{"href":"https:\/\/www.cronacaonline.it\/index.php\/wp-json\/wp\/v2\/types\/post"}],"author":[{"embeddable":true,"href":"https:\/\/www.cronacaonline.it\/index.php\/wp-json\/wp\/v2\/users\/2"}],"replies":[{"embeddable":true,"href":"https:\/\/www.cronacaonline.it\/index.php\/wp-json\/wp\/v2\/comments?post=272116"}],"version-history":[{"count":1,"href":"https:\/\/www.cronacaonline.it\/index.php\/wp-json\/wp\/v2\/posts\/272116\/revisions"}],"predecessor-version":[{"id":272117,"href":"https:\/\/www.cronacaonline.it\/index.php\/wp-json\/wp\/v2\/posts\/272116\/revisions\/272117"}],"wp:featuredmedia":[{"embeddable":true,"href":"https:\/\/www.cronacaonline.it\/index.php\/wp-json\/wp\/v2\/media\/271427"}],"wp:attachment":[{"href":"https:\/\/www.cronacaonline.it\/index.php\/wp-json\/wp\/v2\/media?parent=272116"}],"wp:term":[{"taxonomy":"category","embeddable":true,"href":"https:\/\/www.cronacaonline.it\/index.php\/wp-json\/wp\/v2\/categories?post=272116"},{"taxonomy":"post_tag","embeddable":true,"href":"https:\/\/www.cronacaonline.it\/index.php\/wp-json\/wp\/v2\/tags?post=272116"}],"curies":[{"name":"wp","href":"https:\/\/api.w.org\/{rel}","templated":true}]}}