{"id":272113,"date":"2026-04-30T15:54:31","date_gmt":"2026-04-30T13:54:31","guid":{"rendered":"https:\/\/www.cronacaonline.it\/?p=272113"},"modified":"2026-04-30T15:54:33","modified_gmt":"2026-04-30T13:54:33","slug":"misure-contro-lo-spopolamento-piu-sostegno-a-imprese-e-professionisti-nei-comuni-fino-a-5-000-abitanti-lassessore-giuseppe-meloni-una-scelta-politica-per-sostenere-chi-lavora-e-sc","status":"publish","type":"post","link":"https:\/\/www.cronacaonline.it\/index.php\/2026\/04\/30\/misure-contro-lo-spopolamento-piu-sostegno-a-imprese-e-professionisti-nei-comuni-fino-a-5-000-abitanti-lassessore-giuseppe-meloni-una-scelta-politica-per-sostenere-chi-lavora-e-sc\/","title":{"rendered":"Misure contro lo spopolamento, pi\u00f9 sostegno a imprese e professionisti nei comuni fino a 5.000 abitanti. L\u2019assessore Giuseppe Meloni: \u201cUna scelta politica per sostenere chi lavora e sceglie di restare nei piccoli centri\u201d."},"content":{"rendered":"\n<p>Cagliari, 30 Apr 2026\u00a0- Intervenire sulle misure contro lo spopolamento per ampliare la platea dei territori coinvolti e rendere pi\u00f9 efficace il supporto alle attivit\u00e0 economiche che operano nei piccoli Comuni della Sardegna. \u00c8 questo l\u2019obiettivo della proposta di deliberazione presentata dall\u2019assessore della Programmazione, Bilancio, Credito e Assetto del Territorio, Giuseppe Meloni e approvata dalla Giunta, per l\u2019aggiornamento delle direttive di attuazione dell\u2019articolo 13 della legge regionale 3\/2022 che riguarda le misure di contrasto allo spopolamento, come modificato dalla legge di stabilit\u00e0 2026. La proposta interviene sul credito di imposta, il beneficio fiscale che consente a imprese, lavoratori autonomi e professionisti di compensare una parte delle imposte dovute, riducendo cos\u00ec il peso fiscale per chi opera nei territori agevolati. La novit\u00e0 pi\u00f9 rilevante riguarda l\u2019estensione della misura ai comuni della Sardegna con popolazione inferiore ai 5.000 abitanti al 31 dicembre dell\u2019anno d\u2019imposta di riferimento. La precedente soglia era fissata a 3.000 abitanti, con riferimento al 31 dicembre 2020. Con l\u2019aggiornamento delle direttive, dunque, la misura si allinea alla realt\u00e0 demografica dei comuni sardi, perch\u00e9 il dato sulla popolazione sar\u00e0 aggiornato in modo dinamico anno per anno. Sulla base dei dati demografici al 31 dicembre 2024, anno di riferimento per il prossimo avviso, l\u2019innalzamento della soglia da 3.000 a 5.000 abitanti amplia in modo significativo la platea territoriale: ai 278 Comuni sotto i 3.000 abitanti si aggiungono infatti 38 Comuni compresi tra 3.000 e 5.000 residenti. Pi\u00f9 comuni interessati significa pi\u00f9 imprese, lavoratori autonomi e professionisti che potranno accedere all\u2019agevolazione, secondo i requisiti previsti dalle direttive e dagli avvisi attuativi. \u201cQuesta proposta, che riguarda le iniziative produttive nuove o esistenti - dichiara l\u2019assessore Giuseppe Meloni - \u00e8 una scelta politica chiara: contrastare lo spopolamento significa creare le condizioni affinch\u00e9, nei piccoli Comuni, un\u2019impresa possa continuare a investire, o chi apre un\u2019attivit\u00e0 o porta avanti una professione possa farlo col giusto sostegno. Con l\u2019estensione della soglia ai comuni fino a 5.000 abitanti allarghiamo la possibilit\u00e0 di accesso a una misura che realmente agevola le attivit\u00e0 produttive dei territori. \u00c8 una scelta coerente con il nostro programma di governo e con l\u2019impegno assunto per rendere abitabili tutti i territori dell\u2019isola, a partire da quelli pi\u00f9 fragili. Ogni attivit\u00e0 che resta aperta \u2013 continua l\u2019assessore - ogni professionista che continua a operare in un paese, contribuisce a tenere viva una comunit\u00e0. Per questo dobbiamo rendere gli strumenti regionali pi\u00f9 accessibili, pi\u00f9 aggiornati e capaci di rispondere alle necessit\u00e0 reali\u201d. Tra gli elementi previsti dall\u2019aggiornamento vi \u00e8 anche un\u2019altra novit\u00e0 rilevante: la modifica del parametro di calcolo per le societ\u00e0 di persone che rende la misura pi\u00f9 appetibile anche per questa tipologia di soggetti. Il contributo potr\u00e0 infatti essere fruito nella misura del 40 per cento anche con riferimento alla somma dell\u2019IRPEF dovuta dai singoli soci, secondo quanto risulta dalla dichiarazione dei redditi delle persone fisiche e regolarmente versata, purch\u00e9 dal modello Redditi risulti che il socio possieda solo la partecipazione alla societ\u00e0 che richiede il contributo. L\u2019attuazione sar\u00e0 affidata, per le rispettive competenze, all\u2019Agenzia Sarda delle Entrate e alla Direzione generale dei Servizi Finanziari, anche attraverso le necessarie convenzioni o accordi con l\u2019Agenzia delle Entrate. Com<\/p>\n","protected":false},"excerpt":{"rendered":"<p>Cagliari, 30 Apr 2026\u00a0&#8211; Intervenire sulle misure contro lo spopolamento per ampliare la platea dei territori coinvolti e rendere pi\u00f9 efficace il supporto alle attivit\u00e0&#8230;<\/p>\n","protected":false},"author":2,"featured_media":272114,"comment_status":"closed","ping_status":"open","sticky":false,"template":"","format":"standard","meta":[],"categories":[49,52],"tags":[],"_links":{"self":[{"href":"https:\/\/www.cronacaonline.it\/index.php\/wp-json\/wp\/v2\/posts\/272113"}],"collection":[{"href":"https:\/\/www.cronacaonline.it\/index.php\/wp-json\/wp\/v2\/posts"}],"about":[{"href":"https:\/\/www.cronacaonline.it\/index.php\/wp-json\/wp\/v2\/types\/post"}],"author":[{"embeddable":true,"href":"https:\/\/www.cronacaonline.it\/index.php\/wp-json\/wp\/v2\/users\/2"}],"replies":[{"embeddable":true,"href":"https:\/\/www.cronacaonline.it\/index.php\/wp-json\/wp\/v2\/comments?post=272113"}],"version-history":[{"count":1,"href":"https:\/\/www.cronacaonline.it\/index.php\/wp-json\/wp\/v2\/posts\/272113\/revisions"}],"predecessor-version":[{"id":272115,"href":"https:\/\/www.cronacaonline.it\/index.php\/wp-json\/wp\/v2\/posts\/272113\/revisions\/272115"}],"wp:featuredmedia":[{"embeddable":true,"href":"https:\/\/www.cronacaonline.it\/index.php\/wp-json\/wp\/v2\/media\/272114"}],"wp:attachment":[{"href":"https:\/\/www.cronacaonline.it\/index.php\/wp-json\/wp\/v2\/media?parent=272113"}],"wp:term":[{"taxonomy":"category","embeddable":true,"href":"https:\/\/www.cronacaonline.it\/index.php\/wp-json\/wp\/v2\/categories?post=272113"},{"taxonomy":"post_tag","embeddable":true,"href":"https:\/\/www.cronacaonline.it\/index.php\/wp-json\/wp\/v2\/tags?post=272113"}],"curies":[{"name":"wp","href":"https:\/\/api.w.org\/{rel}","templated":true}]}}