{"id":272107,"date":"2026-04-30T12:44:48","date_gmt":"2026-04-30T10:44:48","guid":{"rendered":"https:\/\/www.cronacaonline.it\/?p=272107"},"modified":"2026-04-30T12:44:51","modified_gmt":"2026-04-30T10:44:51","slug":"rinnovarea-anche-a-quartu-partono-i-cantieri-di-riqualificazione-degli-edifici-erp-lassessore-piu-intervento-su-122-alloggi-la-dignita-di-ogni-cittadina-e-cittadino-parte-da-una-casa-si","status":"publish","type":"post","link":"https:\/\/www.cronacaonline.it\/index.php\/2026\/04\/30\/rinnovarea-anche-a-quartu-partono-i-cantieri-di-riqualificazione-degli-edifici-erp-lassessore-piu-intervento-su-122-alloggi-la-dignita-di-ogni-cittadina-e-cittadino-parte-da-una-casa-si\/","title":{"rendered":"RinnovArea, anche a Quartu partono i cantieri di riqualificazione degli edifici Erp. L\u2019assessore Piu: &#8220;Intervento su 122 alloggi. La dignit\u00e0 di ogni cittadina e cittadino parte da una casa sicura, salubre e sostenibile\u201d."},"content":{"rendered":"\n<p>Cagliari, 30 Apr 2026\u00a0- Sono stati avviati nei giorni scorsi i cantieri di RinnovArea, il piano straordinario di riqualificazione del patrimonio dell\u2019Azienda regionale per l\u2019edilizia abitativa (Area), a Quartu Sant\u2019Elena. Si susseguono le inaugurazioni dei lavori in tutto il territorio regionale del programma da 300 milioni che prevede la riqualificazione degli edifici di edilizia popolare di propriet\u00e0 di Area, negli ultimi due mesi, da quando \u00e8 stato inaugurato il Piano, sono stati consegnati i primi lavori in tutti i territori dell\u2019Isola, il 20 aprile scorso l\u2019apertura dei cantieri programmati nel comune di Quartu. \u201cSi tratta di 122 alloggi totali \u2013 spiega l\u2019assessore dei Lavori pubblici Antonio Piu \u2013 nel terzo comune pi\u00f9 popoloso di tutta l\u2019Isola. Il Piano RinnovArea infatti interessa tutti i territori, dai pi\u00f9 piccoli e decentrati ai comuni pi\u00f9 grandi come in questo caso. La dignit\u00e0 di ogni cittadina e cittadino parte proprio dalla casa perch\u00e9 qualunque sia il territorio, il paese o la citt\u00e0 in cui si risiede ci\u00f2 che conta \u00e8 poter vivere con la percezione di essere dentro la vita della comunit\u00e0 con le prerogative di un luogo sicuro, salubre e sostenibile in cui abitare\u201d.<\/p>\n\n\n\n<p>Nel comune di Quartu Sant\u2019Elena sono stati avviati nel mese di aprile i lavori nelle case di via Via Santa Lucia (92 alloggi) e Via Sant'Antonio (30 alloggi), per un importo complessivo di 2 milioni di euro. Gli interventi manutentivi consistono nel rifacimento delle impermeabilizzazioni e delle eventuali coperture, il risanamento dei balconi, degli intonaci e le tinteggiature, il rinnovamento di adduzioni e scarichi, e il rifacimento bagni e servizi.<\/p>\n\n\n\n<p>\u201cAlla fine del 2024 - ricorda Piu - tramite la Centrale regionale di committenza, \u00e8 stata indetta una prima gara europea a procedura aperta per la conclusione di un Accordo quadro e a distanza di poco pi\u00f9 di un anno abbiamo fatto partire numerosi canteri in tutto il territorio regionale. Questo basterebbe per significare quanto impegno stiamo mettendo per ridefinire l\u2019approccio al tema dell\u2019edilizia residenziale pubblica. A questo - conclude l\u2019assessore - va aggiunto l\u2019imponente stanziamento inedito di risorse per riqualificare edifici che da troppo tempo necessitavano di manutenzioni significative\u201d.<\/p>\n\n\n\n<p>L\u2019Accordo quadro RinnovArea \u00e8 il primo intervento attuativo del Piano straordinario di interventi per la riqualificazione delle case popolari di propriet\u00e0 di Area. La cura e il miglioramento nella gestione del patrimonio edilizio da parte dell\u2019Azienda regionale per l\u2019edilizia abitativa si realizzer\u00e0 attraverso interventi programmati di manutenzione ordinaria e straordinaria in tutto il territorio regionale. La distribuzione dei fondi sulle varie aree territoriali \u00e8 stata definita sulla base di un criterio oggettivo, che \u00e8 quello del numero degli alloggi ERP (Edilizia residenziale pubblica), e dopo lo stanziamento ulteriore dei fondi FSC, la ripartizione \u00e8 aggiornata per Cagliari, che conta circa 7 mila alloggi, a oltre 111 milioni di euro che comprendono anche il progetto di Sant\u2019Elia, per Sassari, con circa 6.550 alloggi, a 73 milioni, per Carbonia-Iglesias con circa 4.320 alloggi, a 48 milioni, a Nuoro con circa 3.510 alloggi, a 39 milioni e per Oristano, che conta circa 2.500 alloggi, a 28 milioni euro. Com<\/p>\n","protected":false},"excerpt":{"rendered":"<p>Cagliari, 30 Apr 2026\u00a0&#8211; Sono stati avviati nei giorni scorsi i cantieri di RinnovArea, il piano straordinario di riqualificazione del patrimonio dell\u2019Azienda regionale per l\u2019edilizia&#8230;<\/p>\n","protected":false},"author":2,"featured_media":272108,"comment_status":"closed","ping_status":"open","sticky":false,"template":"","format":"standard","meta":[],"categories":[49,52],"tags":[],"_links":{"self":[{"href":"https:\/\/www.cronacaonline.it\/index.php\/wp-json\/wp\/v2\/posts\/272107"}],"collection":[{"href":"https:\/\/www.cronacaonline.it\/index.php\/wp-json\/wp\/v2\/posts"}],"about":[{"href":"https:\/\/www.cronacaonline.it\/index.php\/wp-json\/wp\/v2\/types\/post"}],"author":[{"embeddable":true,"href":"https:\/\/www.cronacaonline.it\/index.php\/wp-json\/wp\/v2\/users\/2"}],"replies":[{"embeddable":true,"href":"https:\/\/www.cronacaonline.it\/index.php\/wp-json\/wp\/v2\/comments?post=272107"}],"version-history":[{"count":1,"href":"https:\/\/www.cronacaonline.it\/index.php\/wp-json\/wp\/v2\/posts\/272107\/revisions"}],"predecessor-version":[{"id":272109,"href":"https:\/\/www.cronacaonline.it\/index.php\/wp-json\/wp\/v2\/posts\/272107\/revisions\/272109"}],"wp:featuredmedia":[{"embeddable":true,"href":"https:\/\/www.cronacaonline.it\/index.php\/wp-json\/wp\/v2\/media\/272108"}],"wp:attachment":[{"href":"https:\/\/www.cronacaonline.it\/index.php\/wp-json\/wp\/v2\/media?parent=272107"}],"wp:term":[{"taxonomy":"category","embeddable":true,"href":"https:\/\/www.cronacaonline.it\/index.php\/wp-json\/wp\/v2\/categories?post=272107"},{"taxonomy":"post_tag","embeddable":true,"href":"https:\/\/www.cronacaonline.it\/index.php\/wp-json\/wp\/v2\/tags?post=272107"}],"curies":[{"name":"wp","href":"https:\/\/api.w.org\/{rel}","templated":true}]}}