{"id":272105,"date":"2026-04-30T12:41:29","date_gmt":"2026-04-30T10:41:29","guid":{"rendered":"https:\/\/www.cronacaonline.it\/?p=272105"},"modified":"2026-04-30T12:41:31","modified_gmt":"2026-04-30T10:41:31","slug":"domani-a-cagliari-370ma-festa-di-santefisio-la-statua-a-spalla-tra-i-fedeli-da-stampace-sino-a-viale-la-plaia","status":"publish","type":"post","link":"https:\/\/www.cronacaonline.it\/index.php\/2026\/04\/30\/domani-a-cagliari-370ma-festa-di-santefisio-la-statua-a-spalla-tra-i-fedeli-da-stampace-sino-a-viale-la-plaia\/","title":{"rendered":"Domani a Cagliari 370ma Festa di Sant&#8217;Efisio: la statua a spalla tra i fedeli da Stampace sino a viale La Plaia."},"content":{"rendered":"\n<p>Cagliari, 30 Apr 2026 - Sulle spalle dei confratelli, quasi a rafforzare \u2013 se possibile \u2013 il legame con i fedeli e i devoti: Sant'Efisio attraverser\u00e0 cos\u00ec il percorso dalla chiesa di Stampace a viale La Plaia\u00a0nella mattinata di domani, venerd\u00ec Primo maggio, e luned\u00ec 4 maggio, nel pellegrinaggio per il rientro in citt\u00e0 e lo scioglimento del voto.\u00a0<\/p>\n\n\n\n<p>Una scelta arrivata dopo le lunghe interlocuzioni tra Asl, Regione e ministero della Salute delle settimane scorse e presa dopo un confronto interno tra consorelle e confratelli, d'intesa con la Soprintendenza che nei mesi scorsi ha curato il restauro della statua.&nbsp;<\/p>\n\n\n\n<p>\u201cLa decisione dell'Arciconfraternita\u201d, sottolinea il sindaco Massimo Zedda, \u201carrivata dopo le limitazioni sull'utilizzo del cocchio a causa della dermatite bovina, ha un grande valore simbolico: quella di Sant'Efisio \u00e8 anche una festa popolare, e tale deve rimanere. Il Santo sar\u00e0 ancora pi\u00f9 vicino ai fedeli e ai devoti. Confidiamo nel rispetto delle migliaia di persone che lo accompagneranno lungo il tradizionale percorso, tanto per il simulacro appena restaurato quanto per il lavoro e l'impegno di chi materialmente sosterr\u00e0 la portantina religiosa: come ogni anno, da 370 anni a questa parte, il voto potr\u00e0 essere sciolto con il contributo di tutte e tutti\u201d.<\/p>\n\n\n\n<p>Importante in questa direzione anche quanto sottolineato dal presidente dell'Arciconfraternita Andrea Loi nei giorni scorsi: \u201cDopo il rientro da Nora, Efisio sar\u00e0 nella sua chiesa sino al 22 maggio: per i fedeli e i devoti potr\u00e0 essere quella l'occasione per una preghiera o un momento di raccoglimento ancora pi\u00f9 intimo e prezioso rispetto alle soste tra la folla durante la processione\u201d. Com<\/p>\n","protected":false},"excerpt":{"rendered":"<p>Cagliari, 30 Apr 2026 &#8211; Sulle spalle dei confratelli, quasi a rafforzare \u2013 se possibile \u2013 il legame con i fedeli e i devoti: Sant&#8217;Efisio&#8230;<\/p>\n","protected":false},"author":2,"featured_media":124357,"comment_status":"closed","ping_status":"open","sticky":false,"template":"","format":"standard","meta":[],"categories":[49,53],"tags":[],"_links":{"self":[{"href":"https:\/\/www.cronacaonline.it\/index.php\/wp-json\/wp\/v2\/posts\/272105"}],"collection":[{"href":"https:\/\/www.cronacaonline.it\/index.php\/wp-json\/wp\/v2\/posts"}],"about":[{"href":"https:\/\/www.cronacaonline.it\/index.php\/wp-json\/wp\/v2\/types\/post"}],"author":[{"embeddable":true,"href":"https:\/\/www.cronacaonline.it\/index.php\/wp-json\/wp\/v2\/users\/2"}],"replies":[{"embeddable":true,"href":"https:\/\/www.cronacaonline.it\/index.php\/wp-json\/wp\/v2\/comments?post=272105"}],"version-history":[{"count":1,"href":"https:\/\/www.cronacaonline.it\/index.php\/wp-json\/wp\/v2\/posts\/272105\/revisions"}],"predecessor-version":[{"id":272106,"href":"https:\/\/www.cronacaonline.it\/index.php\/wp-json\/wp\/v2\/posts\/272105\/revisions\/272106"}],"wp:featuredmedia":[{"embeddable":true,"href":"https:\/\/www.cronacaonline.it\/index.php\/wp-json\/wp\/v2\/media\/124357"}],"wp:attachment":[{"href":"https:\/\/www.cronacaonline.it\/index.php\/wp-json\/wp\/v2\/media?parent=272105"}],"wp:term":[{"taxonomy":"category","embeddable":true,"href":"https:\/\/www.cronacaonline.it\/index.php\/wp-json\/wp\/v2\/categories?post=272105"},{"taxonomy":"post_tag","embeddable":true,"href":"https:\/\/www.cronacaonline.it\/index.php\/wp-json\/wp\/v2\/tags?post=272105"}],"curies":[{"name":"wp","href":"https:\/\/api.w.org\/{rel}","templated":true}]}}