{"id":272088,"date":"2026-04-29T19:00:48","date_gmt":"2026-04-29T17:00:48","guid":{"rendered":"https:\/\/www.cronacaonline.it\/?p=272088"},"modified":"2026-04-29T19:00:50","modified_gmt":"2026-04-29T17:00:50","slug":"vertenza-bekaert-delusione-per-il-tavolo-al-mimit-gli-assessori-cani-e-manca-inaccettabile-la-decisione-dellazienda-di-lasciare-macchiareddu-ancora-nessuna-certezza-per-il-futuro","status":"publish","type":"post","link":"https:\/\/www.cronacaonline.it\/index.php\/2026\/04\/29\/vertenza-bekaert-delusione-per-il-tavolo-al-mimit-gli-assessori-cani-e-manca-inaccettabile-la-decisione-dellazienda-di-lasciare-macchiareddu-ancora-nessuna-certezza-per-il-futuro\/","title":{"rendered":"Vertenza Bekaert, delusione per il tavolo al Mimit. Gli assessori Cani e Manca: \u201cInaccettabile la decisione dell\u2019azienda di lasciare Macchiareddu, ancora nessuna certezza per il futuro dei lavoratori\u201d."},"content":{"rendered":"\n<p>Cagliari, 29 Apr 2026\u00a0- \u201cCome Regione Sardegna, esprimiamo grande delusione per l\u2019incontro odierno al Mimit sulla vertenza Bekaert e per la posizione assunta dai vertici aziendali, la cui decisione di lasciare lo stabilimento di Macchiareddu, e dunque l\u2019Italia, si conferma assolutamente ingiustificabile e inaccettabile\u201d. Cos\u00ec l\u2019assessore dell\u2019Industria Emanuele Cani a conclusione del tavolo convocato al Ministero delle Imprese e del Made in Italy per fare il punto sulla situazione.<\/p>\n\n\n\n<p>\u201cDopo otto mesi dall\u2019apertura di questa vertenza, l\u2019unica cosa certa \u00e8 che 65 lavoratori su 120 hanno aderito allo schema di esodo su base volontaria prospettato dall\u2019azienda, e questa dal nostro punto di vista non \u00e8 di sicuro una buona notizia, perch\u00e9 denota paura e mancanza di fiducia verso una risoluzione positiva della questione da parte dei lavoratori\u201d, sottolinea l\u2019assessore Cani.<\/p>\n\n\n\n<p>\u201cIn secondo luogo \u2013 aggiunge - la situazione prospettata da Sernet, la societ\u00e0 incaricata di vagliare l\u2019interesse di altre aziende verso un processo di reindustrializzazione del sito, pur contemplando sei manifestazioni di interesse pervenute non sembra fornire, allo stato, elementi di certezza che possano rassicurarci verso questa direzione\u201d.<\/p>\n\n\n\n<p>Una preoccupazione condivisa dall\u2019assessora del Lavoro Desir\u00e9 Manca: \u201cNon \u00e8 accettabile che il tempo passi senza decisioni, mentre l\u2019incertezza grava interamente sui lavoratori e sulle loro famiglie. Ribadiamo con fermezza che esistono tutte le condizioni per garantire la continuit\u00e0 produttiva nello stabilimento di Macchiareddu. Continuare a rinviare significa assumersi la responsabilit\u00e0 di un logoramento inaccettabile, che colpisce esclusivamente chi lavora e vive di quel lavoro. La chiusura non \u00e8 un esito inevitabile. \u00c8 una scelta. E come tale ha responsabilit\u00e0 precise, che non possono essere eluse n\u00e9 scaricate su altri. Non possiamo accettare che si continui a perdere tempo mentre cresce l\u2019insicurezza e si indebolisce il tessuto produttivo del territorio. Per questo continueremo a intervenire con determinazione in tutte le sedi istituzionali, pretendendo risposte chiare, atti concreti e il pieno rispetto del lavoro e della dignit\u00e0 delle persone\u201d.<\/p>\n\n\n\n<p>Il tavolo ministeriale di aggiornamento sulla vertenza \u00e8 stato fissato per il 25 giugno prossimo. Red<\/p>\n","protected":false},"excerpt":{"rendered":"<p>Cagliari, 29 Apr 2026\u00a0&#8211; \u201cCome Regione Sardegna, esprimiamo grande delusione per l\u2019incontro odierno al Mimit sulla vertenza Bekaert e per la posizione assunta dai vertici&#8230;<\/p>\n","protected":false},"author":2,"featured_media":272089,"comment_status":"closed","ping_status":"open","sticky":false,"template":"","format":"standard","meta":[],"categories":[49,52],"tags":[],"_links":{"self":[{"href":"https:\/\/www.cronacaonline.it\/index.php\/wp-json\/wp\/v2\/posts\/272088"}],"collection":[{"href":"https:\/\/www.cronacaonline.it\/index.php\/wp-json\/wp\/v2\/posts"}],"about":[{"href":"https:\/\/www.cronacaonline.it\/index.php\/wp-json\/wp\/v2\/types\/post"}],"author":[{"embeddable":true,"href":"https:\/\/www.cronacaonline.it\/index.php\/wp-json\/wp\/v2\/users\/2"}],"replies":[{"embeddable":true,"href":"https:\/\/www.cronacaonline.it\/index.php\/wp-json\/wp\/v2\/comments?post=272088"}],"version-history":[{"count":1,"href":"https:\/\/www.cronacaonline.it\/index.php\/wp-json\/wp\/v2\/posts\/272088\/revisions"}],"predecessor-version":[{"id":272090,"href":"https:\/\/www.cronacaonline.it\/index.php\/wp-json\/wp\/v2\/posts\/272088\/revisions\/272090"}],"wp:featuredmedia":[{"embeddable":true,"href":"https:\/\/www.cronacaonline.it\/index.php\/wp-json\/wp\/v2\/media\/272089"}],"wp:attachment":[{"href":"https:\/\/www.cronacaonline.it\/index.php\/wp-json\/wp\/v2\/media?parent=272088"}],"wp:term":[{"taxonomy":"category","embeddable":true,"href":"https:\/\/www.cronacaonline.it\/index.php\/wp-json\/wp\/v2\/categories?post=272088"},{"taxonomy":"post_tag","embeddable":true,"href":"https:\/\/www.cronacaonline.it\/index.php\/wp-json\/wp\/v2\/tags?post=272088"}],"curies":[{"name":"wp","href":"https:\/\/api.w.org\/{rel}","templated":true}]}}