{"id":272085,"date":"2026-04-29T18:57:35","date_gmt":"2026-04-29T16:57:35","guid":{"rendered":"https:\/\/www.cronacaonline.it\/?p=272085"},"modified":"2026-04-29T18:57:38","modified_gmt":"2026-04-29T16:57:38","slug":"cpmr-comandini-alla-tavola-rotonda-sulla-crescita-e-innovazione-la-sardegna-punta-su-istruzione-nuove-tecnologie-e-ricerca","status":"publish","type":"post","link":"https:\/\/www.cronacaonline.it\/index.php\/2026\/04\/29\/cpmr-comandini-alla-tavola-rotonda-sulla-crescita-e-innovazione-la-sardegna-punta-su-istruzione-nuove-tecnologie-e-ricerca\/","title":{"rendered":"Cpmr.\u00a0 Comandini alla tavola rotonda sulla crescita e innovazione: \u201cLa Sardegna punta su istruzione, nuove tecnologie e ricerca\u201d."},"content":{"rendered":"\n<p>Cagliari, 29 Apr 2026 - \u201cIstruzione, nuove tecnologie e ricerca\u201d sono le direttive scelte dalla Sardegna per trasformare l\u2019insularit\u00e0\u00a0\u00a0 in opportunit\u00e0. Il percorso \u00e8 ancora lungo ma la strategia che abbiamo scelto di portare avanti \u00e8 chiara: vogliamo far diventare la nostra isola \u201cattrattiva\u201d soprattutto nei confronti dei pi\u00f9 giovani che devono poter scegliere di proseguire il loro percorso di studio in Sardegna\u201d.\u00a0\u00a0\u00a0<\/p>\n\n\n\n<p>Lo ha detto il Presidente Comandini che questo pomeriggio ha partecipato alla tavola rotonda \u201cMigliorare la competitivit\u00e0 e la connettivit\u00e0 delle isole: innovazione, resilienza e crescita sostenibile\u201d organizzata a Cagliari a Sa Manifattura dall\u2019Assemblea generale della Commissione isole della CPMR.<\/p>\n\n\n\n<p>\u201cLe isole d\u2019Europa hanno competenza, capacit\u00e0, energia e intelligenza.&nbsp; Ma solo unite \u2013 ha aggiunto - potranno rivendicare i loro diritti davanti all\u2019Europa ancora poco sensibile ai veri problemi dei territori insulari\u201d<\/p>\n\n\n\n<p>Il Presidente Comandini ha ricordato le battaglie portate avanti in Sardegna per far inserire il principio di Insularit\u00e0 in Costituzione o per la vertenza entrate con lo Stato: \u201cUn passo alla volta cerchiamo di costruire la Sardegna del futuro. Siamo consapevoli per\u00f2 che dobbiamo combattere lo spopolamento, una delle nostre criticit\u00e0 maggiori. Dobbiamo investire sui flussi migratori perch\u00e9 con l\u2019invecchiamento della popolazione il sistema non regger\u00e0\u201d. Com<\/p>\n","protected":false},"excerpt":{"rendered":"<p>Cagliari, 29 Apr 2026 &#8211; \u201cIstruzione, nuove tecnologie e ricerca\u201d sono le direttive scelte dalla Sardegna per trasformare l\u2019insularit\u00e0\u00a0\u00a0 in opportunit\u00e0. Il percorso \u00e8 ancora&#8230;<\/p>\n","protected":false},"author":2,"featured_media":272086,"comment_status":"closed","ping_status":"open","sticky":false,"template":"","format":"standard","meta":[],"categories":[49,52],"tags":[],"_links":{"self":[{"href":"https:\/\/www.cronacaonline.it\/index.php\/wp-json\/wp\/v2\/posts\/272085"}],"collection":[{"href":"https:\/\/www.cronacaonline.it\/index.php\/wp-json\/wp\/v2\/posts"}],"about":[{"href":"https:\/\/www.cronacaonline.it\/index.php\/wp-json\/wp\/v2\/types\/post"}],"author":[{"embeddable":true,"href":"https:\/\/www.cronacaonline.it\/index.php\/wp-json\/wp\/v2\/users\/2"}],"replies":[{"embeddable":true,"href":"https:\/\/www.cronacaonline.it\/index.php\/wp-json\/wp\/v2\/comments?post=272085"}],"version-history":[{"count":1,"href":"https:\/\/www.cronacaonline.it\/index.php\/wp-json\/wp\/v2\/posts\/272085\/revisions"}],"predecessor-version":[{"id":272087,"href":"https:\/\/www.cronacaonline.it\/index.php\/wp-json\/wp\/v2\/posts\/272085\/revisions\/272087"}],"wp:featuredmedia":[{"embeddable":true,"href":"https:\/\/www.cronacaonline.it\/index.php\/wp-json\/wp\/v2\/media\/272086"}],"wp:attachment":[{"href":"https:\/\/www.cronacaonline.it\/index.php\/wp-json\/wp\/v2\/media?parent=272085"}],"wp:term":[{"taxonomy":"category","embeddable":true,"href":"https:\/\/www.cronacaonline.it\/index.php\/wp-json\/wp\/v2\/categories?post=272085"},{"taxonomy":"post_tag","embeddable":true,"href":"https:\/\/www.cronacaonline.it\/index.php\/wp-json\/wp\/v2\/tags?post=272085"}],"curies":[{"name":"wp","href":"https:\/\/api.w.org\/{rel}","templated":true}]}}