{"id":272083,"date":"2026-04-29T17:35:38","date_gmt":"2026-04-29T15:35:38","guid":{"rendered":"https:\/\/www.cronacaonline.it\/?p=272083"},"modified":"2026-04-29T17:35:41","modified_gmt":"2026-04-29T15:35:41","slug":"flotta-canadair-la-laconi-scrive-al-ministro-dellinterno-garantire-la-copertura-aerea-della-sardegna-per-la-campagna-aib-2026","status":"publish","type":"post","link":"https:\/\/www.cronacaonline.it\/index.php\/2026\/04\/29\/flotta-canadair-la-laconi-scrive-al-ministro-dellinterno-garantire-la-copertura-aerea-della-sardegna-per-la-campagna-aib-2026\/","title":{"rendered":"Flotta Canadair, la Laconi scrive al Ministro dell\u2019Interno: \u201cGarantire la copertura aerea della Sardegna per la Campagna AIB 2026\u201d."},"content":{"rendered":"\n<p>Cagliari, 29 Apr 2026\u00a0- Nell\u2019ambito di un\u2019attivit\u00e0 di monitoraggio e interlocuzione istituzionale avviata sin dal deposito della sentenza, l\u2019assessora della Difesa dell\u2019Ambiente della Regione Sardegna, Rosanna Laconi, ha trasmesso al Ministro dell\u2019Interno una richiesta formale di chiarimenti sull\u2019assetto della flotta nazionale Canadair in vista della prossima campagna antincendio boschivo (AIB) 2026.<\/p>\n\n\n\n<p>La nota \u2013 indirizzata anche, per conoscenza, al Dipartimento dei Vigili del Fuoco e alla Presidenza del Consiglio dei Ministri \u2013 Dipartimento della Protezione Civile \u2013 fa seguito alla sentenza del Consiglio di Stato, Sez. V, n. 10160\/2025, che ha annullato gli atti di affidamento del servizio di gestione operativa e logistica della flotta.<\/p>\n\n\n\n<p>Nei giorni immediatamente successivi alla sentenza, l\u2019Assessorato, per il tramite della Direzione generale della Protezione civile, ha attivato e mantenuto un costante canale di interlocuzione con il Dipartimento nazionale della Protezione Civile, seguendo l\u2019evoluzione della vicenda e verificando gli impatti sul dispositivo operativo nazionale. Tale Direzione \u00e8 la struttura titolare della pianificazione regionale antincendio e del raccordo con i soggetti statali.<\/p>\n\n\n\n<p>In tale sede sono state acquisite, e nel tempo reiterate, indicazioni rassicuranti sulla continuit\u00e0 operativa del dispositivo aereo nazionale anche per la stagione AIB 2026.<\/p>\n\n\n\n<p>Tali indicazioni, tuttavia, non hanno finora assunto carattere formale. Per questo motivo, con l\u2019approssimarsi della stagione estiva, l\u2019Assessora ha ritenuto necessario richiedere un riscontro ufficiale all\u2019Amministrazione titolare del servizio.<\/p>\n\n\n\n<p>\u201cLa Sardegna \u00e8 un territorio insulare ad altissima esposizione al rischio incendi \u2013 dichiara l\u2019assessora Laconi \u2013 e lo schieramento dei Canadair, con particolare riferimento alla base operativa di Olbia, rappresenta un presidio essenziale e non surrogabile. Sin dal deposito della sentenza abbiamo attivato un canale strutturato di confronto con il Dipartimento nazionale della Protezione Civile, dal quale sono emerse rassicurazioni sulla continuit\u00e0 del servizio. Con l\u2019avvicinarsi della stagione estiva, \u00e8 necessario che tali indicazioni trovino una conferma formale\u201d.<\/p>\n\n\n\n<p>Nell\u2019ambito delle interlocuzioni con il Dipartimento nazionale di Protezione Civile sono state inoltre acquisite indicazioni rassicuranti anche rispetto a possibili criticit\u00e0 legate all\u2019approvvigionamento di carburante avio, in relazione agli effetti della crisi internazionale in corso: la qualificazione dell\u2019attivit\u00e0 antincendio boschivo come servizio di pubblica utilit\u00e0 ne garantirebbe infatti la priorit\u00e0 anche in scenari complessi.<\/p>\n\n\n\n<p>Nella nota trasmessa al Viminale, l\u2019assessora richiama il quadro delle competenze istituzionali e chiede di conoscere le iniziative che il Governo intende adottare, nelle more delle determinazioni conseguenti alla sentenza, per assicurare la piena copertura della campagna AIB 2026 e, in particolare, l\u2019operativit\u00e0 della flotta Canadair nelle basi sinora individuate, inclusa quella di Olbia.<\/p>\n\n\n\n<p>\u201cLa sicurezza dei cittadini, la tutela del patrimonio ambientale e l\u2019incolumit\u00e0 degli operatori impegnati sul fronte del fuoco \u2013 conclude l\u2019assessora Laconi \u2013 richiedono certezze formali e tempestive. La Regione \u00e8 pronta a fare la propria parte, ma \u00e8 indispensabile che il quadro nazionale sia definito con chiarezza e in tempi compatibili con l\u2019avvio della stagione AIB\u201d. Com<\/p>\n","protected":false},"excerpt":{"rendered":"<p>Cagliari, 29 Apr 2026\u00a0&#8211; Nell\u2019ambito di un\u2019attivit\u00e0 di monitoraggio e interlocuzione istituzionale avviata sin dal deposito della sentenza, l\u2019assessora della Difesa dell\u2019Ambiente della Regione Sardegna,&#8230;<\/p>\n","protected":false},"author":2,"featured_media":176501,"comment_status":"closed","ping_status":"open","sticky":false,"template":"","format":"standard","meta":[],"categories":[49,52],"tags":[],"_links":{"self":[{"href":"https:\/\/www.cronacaonline.it\/index.php\/wp-json\/wp\/v2\/posts\/272083"}],"collection":[{"href":"https:\/\/www.cronacaonline.it\/index.php\/wp-json\/wp\/v2\/posts"}],"about":[{"href":"https:\/\/www.cronacaonline.it\/index.php\/wp-json\/wp\/v2\/types\/post"}],"author":[{"embeddable":true,"href":"https:\/\/www.cronacaonline.it\/index.php\/wp-json\/wp\/v2\/users\/2"}],"replies":[{"embeddable":true,"href":"https:\/\/www.cronacaonline.it\/index.php\/wp-json\/wp\/v2\/comments?post=272083"}],"version-history":[{"count":1,"href":"https:\/\/www.cronacaonline.it\/index.php\/wp-json\/wp\/v2\/posts\/272083\/revisions"}],"predecessor-version":[{"id":272084,"href":"https:\/\/www.cronacaonline.it\/index.php\/wp-json\/wp\/v2\/posts\/272083\/revisions\/272084"}],"wp:featuredmedia":[{"embeddable":true,"href":"https:\/\/www.cronacaonline.it\/index.php\/wp-json\/wp\/v2\/media\/176501"}],"wp:attachment":[{"href":"https:\/\/www.cronacaonline.it\/index.php\/wp-json\/wp\/v2\/media?parent=272083"}],"wp:term":[{"taxonomy":"category","embeddable":true,"href":"https:\/\/www.cronacaonline.it\/index.php\/wp-json\/wp\/v2\/categories?post=272083"},{"taxonomy":"post_tag","embeddable":true,"href":"https:\/\/www.cronacaonline.it\/index.php\/wp-json\/wp\/v2\/tags?post=272083"}],"curies":[{"name":"wp","href":"https:\/\/api.w.org\/{rel}","templated":true}]}}