{"id":272074,"date":"2026-04-29T17:25:08","date_gmt":"2026-04-29T15:25:08","guid":{"rendered":"https:\/\/www.cronacaonline.it\/?p=272074"},"modified":"2026-04-29T17:25:10","modified_gmt":"2026-04-29T15:25:10","slug":"aeroporti-sardi-sottoscritto-il-term-sheet-per-il-progetto-di-realizzazione-del-sistema-aeroportuale-di-cagliari-olbia-e-alghero","status":"publish","type":"post","link":"https:\/\/www.cronacaonline.it\/index.php\/2026\/04\/29\/aeroporti-sardi-sottoscritto-il-term-sheet-per-il-progetto-di-realizzazione-del-sistema-aeroportuale-di-cagliari-olbia-e-alghero\/","title":{"rendered":"Aeroporti sardi: sottoscritto il Term Sheet per il progetto di realizzazione del sistema aeroportuale di Cagliari, Olbia e Alghero."},"content":{"rendered":"\n<p>Cagliari, 29 Apr 2026\u00a0- Regione Autonoma della Sardegna, Camera di Commercio di Cagliari-Oristano, Fondazione di Sardegna e F2i SGR S.p.A., in qualit\u00e0 di societ\u00e0 di gestione dei fondi F2i, hanno sottoscritto il Term Sheet relativo al percorso di realizzazione del sistema degli aeroporti sardi di Cagliari, Olbia e Alghero, con l\u2019obiettivo di delineare un possibile assetto societario e industriale integrato tra le societ\u00e0 di gestione aeroportuale Sogaer S.p.A., Geasar S.p.A. e Sogeaal S.p.A.<\/p>\n\n\n\n<p>La finalit\u00e0 strategica del percorso avviato \u00e8 quella di creare le condizioni per il riconoscimento e la piena operativit\u00e0 della rete aeroportuale sarda, coerentemente con l\u2019impostazione del redigendo Piano Nazionale degli Aeroporti, che individua nella rete tra gli scali di Cagliari, Alghero e Olbia un assetto territoriale idoneo a rafforzarne l\u2019efficienza, la sostenibilit\u00e0 e la competitivit\u00e0. In questa prospettiva, l\u2019integrazione industriale non rappresenta una mera riorganizzazione societaria, ma uno strumento per dotare la Sardegna di un sistema aeroportuale unitario e coordinato, capace di valorizzare le diverse vocazioni degli scali ed i territori di riferimento e di sostenere in modo pi\u00f9 efficace le esigenze di mobilit\u00e0, continuit\u00e0 territoriale, sviluppo turistico e crescita economica dell\u2019Isola.<\/p>\n\n\n\n<p>Il Term Sheet individua, in particolare, alcuni elementi essenziali dell\u2019operazione: il possibile conferimento da parte della Camera di Commercio di Cagliari-Oristano della propria partecipazione in Sogaer S.p.A., nella capogruppo del sistema aeroportuale (\u201cAeroporti di Sardegna\u201d); l\u2019ingresso della Regione Autonoma della Sardegna nella compagine di \u201cAeroporti di Sardegna\u201d; la definizione di un modello di governance che preveda un ruolo significativo dei soci pubblici, a presidio dello sviluppo del territorio, ed un ruolo industriale istituzionale dei soci privati, a garanzia della efficace implementazione del progetto e delle connesse sinergie. Il completamento dell\u2019operazione sar\u00e0 subordinato alle necessarie approvazioni, valutazioni e autorizzazioni.<\/p>\n\n\n\n<p>Particolare rilievo assume il coinvolgimento della Regione Autonoma della Sardegna, che ad oggi ha quote di minoranza nelle societ\u00e0 aeroportuali, ed \u00e8 stata riconosciuta dalle parti come elemento di importanza strategica in ragione dei profili di interesse pubblico territoriale connessi all\u2019operazione. Il Term Sheet prevede inoltre l\u2019istituzione di un Comitato per il monitoraggio delle strategie di sviluppo del territorio e degli investimenti finanziati con fondi pubblici, con funzioni consultive e informative sui piani industriali, sui trend gestionali e sugli interventi infrastrutturali e sulle attivit\u00e0 in materia di continuit\u00e0 territoriale.<\/p>\n\n\n\n<p>Il percorso avviato proseguir\u00e0 ora con gli approfondimenti tecnici, giuridici, economico-finanziari e autorizzativi necessari. In tale quadro, assume particolare rilievo anche il lavoro finalizzato alla presentazione dell\u2019istanza per la designazione della rete aeroportuale sarda, attraverso l\u2019elaborazione di un piano industriale integrato dei tre aeroporti, come espressamente previsto dal Term Sheet. Com<\/p>\n","protected":false},"excerpt":{"rendered":"<p>Cagliari, 29 Apr 2026\u00a0&#8211; Regione Autonoma della Sardegna, Camera di Commercio di Cagliari-Oristano, Fondazione di Sardegna e F2i SGR S.p.A., in qualit\u00e0 di societ\u00e0 di&#8230;<\/p>\n","protected":false},"author":2,"featured_media":272075,"comment_status":"closed","ping_status":"open","sticky":false,"template":"","format":"standard","meta":[],"categories":[49,52],"tags":[],"_links":{"self":[{"href":"https:\/\/www.cronacaonline.it\/index.php\/wp-json\/wp\/v2\/posts\/272074"}],"collection":[{"href":"https:\/\/www.cronacaonline.it\/index.php\/wp-json\/wp\/v2\/posts"}],"about":[{"href":"https:\/\/www.cronacaonline.it\/index.php\/wp-json\/wp\/v2\/types\/post"}],"author":[{"embeddable":true,"href":"https:\/\/www.cronacaonline.it\/index.php\/wp-json\/wp\/v2\/users\/2"}],"replies":[{"embeddable":true,"href":"https:\/\/www.cronacaonline.it\/index.php\/wp-json\/wp\/v2\/comments?post=272074"}],"version-history":[{"count":1,"href":"https:\/\/www.cronacaonline.it\/index.php\/wp-json\/wp\/v2\/posts\/272074\/revisions"}],"predecessor-version":[{"id":272076,"href":"https:\/\/www.cronacaonline.it\/index.php\/wp-json\/wp\/v2\/posts\/272074\/revisions\/272076"}],"wp:featuredmedia":[{"embeddable":true,"href":"https:\/\/www.cronacaonline.it\/index.php\/wp-json\/wp\/v2\/media\/272075"}],"wp:attachment":[{"href":"https:\/\/www.cronacaonline.it\/index.php\/wp-json\/wp\/v2\/media?parent=272074"}],"wp:term":[{"taxonomy":"category","embeddable":true,"href":"https:\/\/www.cronacaonline.it\/index.php\/wp-json\/wp\/v2\/categories?post=272074"},{"taxonomy":"post_tag","embeddable":true,"href":"https:\/\/www.cronacaonline.it\/index.php\/wp-json\/wp\/v2\/tags?post=272074"}],"curies":[{"name":"wp","href":"https:\/\/api.w.org\/{rel}","templated":true}]}}