{"id":272059,"date":"2026-04-29T14:25:08","date_gmt":"2026-04-29T12:25:08","guid":{"rendered":"https:\/\/www.cronacaonline.it\/?p=272059"},"modified":"2026-04-29T14:25:10","modified_gmt":"2026-04-29T12:25:10","slug":"il-consiglio-regionale-si-riunira-martedi-5-maggio-alle-1030","status":"publish","type":"post","link":"https:\/\/www.cronacaonline.it\/index.php\/2026\/04\/29\/il-consiglio-regionale-si-riunira-martedi-5-maggio-alle-1030\/","title":{"rendered":"Il Consiglio regionale si riunir\u00e0 marted\u00ec 5 maggio alle 10,30."},"content":{"rendered":"\n<p>Cagliari, 29 aprile 2026 \u2013 Il Consiglio regionale si riunir\u00e0 marted\u00ec 5 maggio alle 10,30. La Conferenza dei Capigruupo, riunita questa mattina, ha deciso che i lavori proseguiranno anche mercoled\u00ec 6 maggio. All\u2019ordine del giorno: il Testo unificato n. 22-98-111\/A \u201cInterventi per la valorizzazione della coltura del mandorlo\u201d; il Disegno di legge n. 172\/A \u201cDisciplina del sistema regionale di protezione civile;\u00a0 Il Testo Unificato\u00a0 n. 195-196\/A \u201cModifiche alla legge regionale 6 febbraio 2026 n. 4 (Disposizione per la gestione e la valorizzazione delle ferrovie turistiche della Sardegna e disciplina degli organi della Fondazione Trenino verde storico della Sardegna)\u201d; la proposta di modifica del regolamento interno n. 2\/A.<\/p>\n\n\n\n<p>I lavori proseguiranno poi marted\u00ec 12 maggio e mercoled\u00ec 13 maggio. All\u2019esame dell\u2019aula le mozioni:&nbsp;&nbsp; n. 10 (Truzzu e pi\u00f9) sulla necessit\u00e0 urgente di abbattere l\u2019addizionale comunale sui diritti d\u2019imbarco di passeggeri sugli aeromobili al fine di favorire Io sviluppo del trasporto aereo e del turismo in Sardegna; della&nbsp; n. 73 (Cau e pi\u00f9) sull\u2019istituzione di un distretto regionale del sughero in Sardegna; della N. 68 (Casula e pi\u00f9) sulle criticit\u00e0 del sistema di accoglienza dei minori stranieri non accompagnati e sulla necessit\u00e0 di intervento a seguito della riduzione delle risorse a favore degli enti locali che sostengono i costi dell\u2019accoglienza dei MSNA; della n. 99 (Fundoni e pi\u00f9)&nbsp; per l\u2019inserimento della figura del dirigente biologo nutrizionista specialista in scienza dell\u2019alimentazione nei Percorsi diagnostici terapeutici assistenziali (PDTA) della Sardegna;&nbsp; della n.&nbsp; 106 (Deriu e pi\u00f9) sul sostegno alla salvaguardia di Radio Radicale e del suo archivio storico quale patrimonio della democrazia e del diritto alla conoscenza; della n. 93 (Cau e pi\u00f9) sulla modifica strutturale degli interventi di politica locale per l\u2019occupazione destinati a pulizia, manutenzione e decoro delle strade provinciali, comunali e intercomunali; della n.&nbsp; 92 (Ticca e pi\u00f9) sull\u2019attuazione del principio di insularit\u00e0 per le merci e l\u2019urgenza di misure strutturali di continuit\u00e0 territoriale per il trasporto delle merci da e per la Sardegna; della n. 109 (Mula e pi\u00f9) in merito alla sospensione del disciplinare dei barracellari e l\u2019istituzione di un tavolo tecnico per la risoluzione delle problematiche relative all\u2019istituto delle compagnie barracellari in Sardegna. Com<\/p>\n","protected":false},"excerpt":{"rendered":"<p>Cagliari, 29 aprile 2026 \u2013 Il Consiglio regionale si riunir\u00e0 marted\u00ec 5 maggio alle 10,30. La Conferenza dei Capigruupo, riunita questa mattina, ha deciso che&#8230;<\/p>\n","protected":false},"author":2,"featured_media":272060,"comment_status":"closed","ping_status":"open","sticky":false,"template":"","format":"standard","meta":[],"categories":[49,52],"tags":[],"_links":{"self":[{"href":"https:\/\/www.cronacaonline.it\/index.php\/wp-json\/wp\/v2\/posts\/272059"}],"collection":[{"href":"https:\/\/www.cronacaonline.it\/index.php\/wp-json\/wp\/v2\/posts"}],"about":[{"href":"https:\/\/www.cronacaonline.it\/index.php\/wp-json\/wp\/v2\/types\/post"}],"author":[{"embeddable":true,"href":"https:\/\/www.cronacaonline.it\/index.php\/wp-json\/wp\/v2\/users\/2"}],"replies":[{"embeddable":true,"href":"https:\/\/www.cronacaonline.it\/index.php\/wp-json\/wp\/v2\/comments?post=272059"}],"version-history":[{"count":1,"href":"https:\/\/www.cronacaonline.it\/index.php\/wp-json\/wp\/v2\/posts\/272059\/revisions"}],"predecessor-version":[{"id":272061,"href":"https:\/\/www.cronacaonline.it\/index.php\/wp-json\/wp\/v2\/posts\/272059\/revisions\/272061"}],"wp:featuredmedia":[{"embeddable":true,"href":"https:\/\/www.cronacaonline.it\/index.php\/wp-json\/wp\/v2\/media\/272060"}],"wp:attachment":[{"href":"https:\/\/www.cronacaonline.it\/index.php\/wp-json\/wp\/v2\/media?parent=272059"}],"wp:term":[{"taxonomy":"category","embeddable":true,"href":"https:\/\/www.cronacaonline.it\/index.php\/wp-json\/wp\/v2\/categories?post=272059"},{"taxonomy":"post_tag","embeddable":true,"href":"https:\/\/www.cronacaonline.it\/index.php\/wp-json\/wp\/v2\/tags?post=272059"}],"curies":[{"name":"wp","href":"https:\/\/api.w.org\/{rel}","templated":true}]}}