{"id":272056,"date":"2026-04-29T14:21:37","date_gmt":"2026-04-29T12:21:37","guid":{"rendered":"https:\/\/www.cronacaonline.it\/?p=272056"},"modified":"2026-04-29T14:21:40","modified_gmt":"2026-04-29T12:21:40","slug":"agricoltura-in-v-commissione-gli-interventi-per-i-giovani-agricoltori","status":"publish","type":"post","link":"https:\/\/www.cronacaonline.it\/index.php\/2026\/04\/29\/agricoltura-in-v-commissione-gli-interventi-per-i-giovani-agricoltori\/","title":{"rendered":"Agricoltura, in V Commissione gli interventi per i giovani agricoltori."},"content":{"rendered":"\n<p>Cagliari, 29 Apr 2026 \u2013 Le criticit\u00e0 del bando per l\u2019insediamento dei giovani agricoltori (Misura SRE01 dei bandi Crs 2023-2027) \u00e8 stato il tema affrontato oggi dalla Commissione Attivit\u00e0 produttive, presieduta da Antonio Solinas (Pd). Alla seduta sono stati sentiti in audizione l\u2019assessore regionale dell\u2019Agricoltura, Francesco Agus, il direttore generale dell\u2019assessorato dell\u2019Agricoltura, Giorgio Cical\u00f2, e i rappresentanti delle associazioni di categoria Coldiretti, Cia, Copagri e Confagricoltura. La convocazione \u00e8 stata decisa dal presidente Solinas dopo aver avuto notizia della circolazione di una bozza, non ancora ufficiale, del bando per i giovani agricoltori, di cui la Commissione non aveva ancora avuto notizia. Anche l\u2019assessore Agus ha confermato di non aver ricevuto alcun testo del bando.\u00a0<\/p>\n\n\n\n<p>Le associazioni hanno espresso forti preoccupazioni sulle notizie non ufficiali circolate nelle ultime settimane, ritenendole penalizzanti soprattutto per il ricambio generazionale nelle aziende familiari. Secondo i dati, forniti dai rappresentanti di categoria, oltre il 50 per cento degli agricoltori sardi ha un\u2019et\u00e0 superiore a 60 anni e la quasi totalit\u00e0 dei nuovi insediamenti avviene da terre ottenute da un familiare. Eventuali vincoli al subentro tra parenti, dunque, rischierebbero di ostacolare un meccanismo considerato essenziale per la sopravvivenza e lo sviluppo del comparto agricolo sardo. Su questo punto il presidente e tutti i consiglieri di maggioranza e minoranza si sono trovati d\u2019accordo e hanno chiesto all\u2019assessore e al direttore generale di rimuovere questo ostacolo, se presente, favorendo il ricambio generazionale, ma evitando, allo stesso tempo, la parcellizzazione delle terre. Il direttore generale dell\u2019Assessorato ha spiegato che si tratta di una disposizione prevista nel PSP (Piano strategico della Pac) \u201cdove si legge: l'insediamento deve avvenire in un'azienda di provenienza non familiare\u201d per evitare che la nuova attivit\u00e0 risulti soltanto virtuale, oltre al fatto che - \u00e8 spiegato nella motivazione del testo - non favorirebbe la creazione di nuove aziende. Cical\u00f2 ha sottolineato che \u00e8 possibile proporre delle modifiche, che, per\u00f2, allungherebbero i tempi per la pubblicazione del bando.<\/p>\n\n\n\n<p>Il \u201cpacchetto giovani\u201d \u00e8 stato, comunque, ritenuto dalla Commissione e dai rappresentanti di categoria uno strumento utile, a cui andrebbero apportati dei correttivi per evitare ritardi e difficolt\u00e0 nella realizzazione degli investimenti. Un appello all\u2019Assessore, inoltre, \u00e8 arrivato dal mondo agricolo e dalla stessa Commissione affinch\u00e9 si trovi il modo di completare il percorso di circa 400 giovani ancora in attesa dei finanziamenti, relativi al bando del 2017.<\/p>\n\n\n\n<p>Le associazioni hanno anche evidenziato criticit\u00e0 nei criteri di accesso, come le soglie di reddito standard, considerate troppo alte. I rappresentanti delle associazioni hanno, inoltre, chiesto una pubblicazione annuale dei bandi, l\u2019ultimo risale al 2022, per garantire certezze e accesso tempestivo alle nuove opportunit\u00e0 offerte al settore.<\/p>\n\n\n\n<p>La seduta di oggi \u00e8 stata anche l\u2019occasione per parlare dei nuovi focolai della dermatite nodulare bovina, che stanno creando forte allarme tra gli allevatori. Gli operatori hanno chiesto certezze, chiarezza nelle regole e un coordinamento che coinvolga gli Assessorati dell\u2019Agricoltura, della Sanit\u00e0 e dell\u2019Ambiente per evitare gravi ricadute economiche sulle aziende e dare certezze agli operatori. L\u2019assessore Agus ha comunicato che per marted\u00ec 5 maggio \u00e8 stato convocato il Tavolo verde e ha anche reso noto che oggi l'Asl di Cagliari ha iniziato gli abbattimenti nell'azienda di Ballao, in cui \u00e8 stato riscontrato un focolaio.<\/p>\n\n\n\n<p>Nel corso della seduta sono intervenuti il vice presidente della Commissione, Emanuele Cera (FdI), Gianluca Mandas (M5S), Gianluigi Rubiu (FdI), Salvatore Cau (Orizzonte Comune), Piero Maieli (FI), Alessandro Pilurzu (Pd) e Ivan Pintus (Msto). La Commissione ha accolto con favore la volont\u00e0 di coinvolgere maggiormente il Parlamentino sui criteri dei bandi regionali. Com<\/p>\n","protected":false},"excerpt":{"rendered":"<p>Cagliari, 29 Apr 2026 \u2013 Le criticit\u00e0 del bando per l\u2019insediamento dei giovani agricoltori (Misura SRE01 dei bandi Crs 2023-2027) \u00e8 stato il tema affrontato&#8230;<\/p>\n","protected":false},"author":2,"featured_media":272057,"comment_status":"closed","ping_status":"open","sticky":false,"template":"","format":"standard","meta":[],"categories":[49,52],"tags":[],"_links":{"self":[{"href":"https:\/\/www.cronacaonline.it\/index.php\/wp-json\/wp\/v2\/posts\/272056"}],"collection":[{"href":"https:\/\/www.cronacaonline.it\/index.php\/wp-json\/wp\/v2\/posts"}],"about":[{"href":"https:\/\/www.cronacaonline.it\/index.php\/wp-json\/wp\/v2\/types\/post"}],"author":[{"embeddable":true,"href":"https:\/\/www.cronacaonline.it\/index.php\/wp-json\/wp\/v2\/users\/2"}],"replies":[{"embeddable":true,"href":"https:\/\/www.cronacaonline.it\/index.php\/wp-json\/wp\/v2\/comments?post=272056"}],"version-history":[{"count":1,"href":"https:\/\/www.cronacaonline.it\/index.php\/wp-json\/wp\/v2\/posts\/272056\/revisions"}],"predecessor-version":[{"id":272058,"href":"https:\/\/www.cronacaonline.it\/index.php\/wp-json\/wp\/v2\/posts\/272056\/revisions\/272058"}],"wp:featuredmedia":[{"embeddable":true,"href":"https:\/\/www.cronacaonline.it\/index.php\/wp-json\/wp\/v2\/media\/272057"}],"wp:attachment":[{"href":"https:\/\/www.cronacaonline.it\/index.php\/wp-json\/wp\/v2\/media?parent=272056"}],"wp:term":[{"taxonomy":"category","embeddable":true,"href":"https:\/\/www.cronacaonline.it\/index.php\/wp-json\/wp\/v2\/categories?post=272056"},{"taxonomy":"post_tag","embeddable":true,"href":"https:\/\/www.cronacaonline.it\/index.php\/wp-json\/wp\/v2\/tags?post=272056"}],"curies":[{"name":"wp","href":"https:\/\/api.w.org\/{rel}","templated":true}]}}