{"id":272053,"date":"2026-04-29T11:45:05","date_gmt":"2026-04-29T09:45:05","guid":{"rendered":"https:\/\/www.cronacaonline.it\/?p=272053"},"modified":"2026-04-29T11:45:08","modified_gmt":"2026-04-29T09:45:08","slug":"caro-carburanti-mozione-fdi-per-lo-sconto-ai-residenti-e-alle-imprese-sarde","status":"publish","type":"post","link":"https:\/\/www.cronacaonline.it\/index.php\/2026\/04\/29\/caro-carburanti-mozione-fdi-per-lo-sconto-ai-residenti-e-alle-imprese-sarde\/","title":{"rendered":"Caro-carburanti: mozione FdI per lo sconto ai residenti e alle imprese sarde."},"content":{"rendered":"\n<p>Cagliari, 29 Apr 2026 - Il gruppo consiliare di Fratelli d\u2019Italia ha presentato in Consiglio regionale una mozione (primo firmatario Antonello Floris) che chiede l\u2019adozione urgente di misure per ridurre il prezzo finale dei carburanti a favore dei residenti e delle imprese della Sardegna, duramente penalizzati dagli aumenti legati alle tensioni geopolitiche internazionali e dai maggiori costi strutturali connessi all\u2019insularit\u00e0.<\/p>\n\n\n\n<p>L\u2019aiuto \u00e8 quantificato in 20 centesimi di euro al litro e comporta un esborso dal bilancio regionale di oltre 46 milioni di euro, per due mesi di applicazione (una quota pari allo 0.3% dell\u2019intero bilancio). Risorse che, a giudizio degli esponenti FdI, potranno essere stanziate gi\u00e0 in sede di variazione di bilancio. Il cui esame in Consiglio \u00e8 annunciato ma \u2013 come ha precisato il capogruppo Paolo Truzzu \u2013 non risulta ancora consultabile la relativa delibera di Giunta.&nbsp;<\/p>\n\n\n\n<p>Nella mozione si evidenzia come il caro-carburanti incida in modo particolarmente pesante sull\u2019Isola, dove il trasporto su gomma rappresenta il principale strumento di mobilit\u00e0 per persone e merci, con ricadute dirette sui bilanci delle famiglie, sulla competitivit\u00e0 delle imprese e sui prezzi dei beni di prima necessit\u00e0. Il documento richiama il quadro normativo nazionale ed europeo che consente alle Regioni di intervenire, con risorse proprie, attraverso contributi o sistemi di agevolazione sul prezzo dei carburanti, e sottolinea il valore del principio di insularit\u00e0 introdotto in Costituzione come fondamento per politiche compensative a favore della Sardegna. Con l\u2019atto si impegna la presidente della Regione e la Giunta ad avviare con urgenza una valutazione tecnica, economica e giuridica per definire un modello di intervento concreto; a istituire un sistema di contributi o agevolazioni, anche tramite tessere sconto o rimborsi; e ad aprire un confronto con il Governo nazionale per costruire misure strutturali e permanenti capaci di compensare il maggiore costo dei carburanti derivante dalla condizione insulare.<\/p>\n\n\n\n<p>\u00abSeve una risposta immediata all\u2019emergenza \u2013 ha dichiarato Truzzu \u2013 per sostenere il tessuto economico e sociale dell\u2019Isola e rafforzare l\u2019equit\u00e0 territoriale attraverso strumenti coerenti con l\u2019autonomia speciale della Sardegna\u00bb. \u00abIl governo italiano \u2013 ha spiegato Floris \u2013 ha fatto la sua parte e continuer\u00e0 a farla ma oggi serve che la Regione faccia la propria, con il varo di una disposizione ad hoc per introdurre una misura temporanea, da mantenere fino a quando non sar\u00e0 stabilizzato il quadro delle tensioni geopolitiche internazionali\u00bb. \u00abLa Sardegna paga il prezzo pi\u00f9 alto per il caro carburanti \u2013 ha concluso Franco Mula \u2013 oltre ai veicoli privati e commerciali, la penalizzazione colpisce il trasporto via mare e quello aereo ed \u00e8 anche per questa ragione che si attendono interventi straordinari ed efficaci\u00bb. Com<\/p>\n","protected":false},"excerpt":{"rendered":"<p>Cagliari, 29 Apr 2026 &#8211; Il gruppo consiliare di Fratelli d\u2019Italia ha presentato in Consiglio regionale una mozione (primo firmatario Antonello Floris) che chiede l\u2019adozione&#8230;<\/p>\n","protected":false},"author":2,"featured_media":272054,"comment_status":"closed","ping_status":"open","sticky":false,"template":"","format":"standard","meta":[],"categories":[49,52],"tags":[],"_links":{"self":[{"href":"https:\/\/www.cronacaonline.it\/index.php\/wp-json\/wp\/v2\/posts\/272053"}],"collection":[{"href":"https:\/\/www.cronacaonline.it\/index.php\/wp-json\/wp\/v2\/posts"}],"about":[{"href":"https:\/\/www.cronacaonline.it\/index.php\/wp-json\/wp\/v2\/types\/post"}],"author":[{"embeddable":true,"href":"https:\/\/www.cronacaonline.it\/index.php\/wp-json\/wp\/v2\/users\/2"}],"replies":[{"embeddable":true,"href":"https:\/\/www.cronacaonline.it\/index.php\/wp-json\/wp\/v2\/comments?post=272053"}],"version-history":[{"count":1,"href":"https:\/\/www.cronacaonline.it\/index.php\/wp-json\/wp\/v2\/posts\/272053\/revisions"}],"predecessor-version":[{"id":272055,"href":"https:\/\/www.cronacaonline.it\/index.php\/wp-json\/wp\/v2\/posts\/272053\/revisions\/272055"}],"wp:featuredmedia":[{"embeddable":true,"href":"https:\/\/www.cronacaonline.it\/index.php\/wp-json\/wp\/v2\/media\/272054"}],"wp:attachment":[{"href":"https:\/\/www.cronacaonline.it\/index.php\/wp-json\/wp\/v2\/media?parent=272053"}],"wp:term":[{"taxonomy":"category","embeddable":true,"href":"https:\/\/www.cronacaonline.it\/index.php\/wp-json\/wp\/v2\/categories?post=272053"},{"taxonomy":"post_tag","embeddable":true,"href":"https:\/\/www.cronacaonline.it\/index.php\/wp-json\/wp\/v2\/tags?post=272053"}],"curies":[{"name":"wp","href":"https:\/\/api.w.org\/{rel}","templated":true}]}}