{"id":272044,"date":"2026-04-29T11:09:34","date_gmt":"2026-04-29T09:09:34","guid":{"rendered":"https:\/\/www.cronacaonline.it\/?p=272044"},"modified":"2026-04-29T11:09:37","modified_gmt":"2026-04-29T09:09:37","slug":"fuga-ad-alta-velocita-e-resistenza-ai-carabinieri-convalidato-larresto-di-un-venticinquenne-di-selargius","status":"publish","type":"post","link":"https:\/\/www.cronacaonline.it\/index.php\/2026\/04\/29\/fuga-ad-alta-velocita-e-resistenza-ai-carabinieri-convalidato-larresto-di-un-venticinquenne-di-selargius\/","title":{"rendered":"Fuga ad alta velocit\u00e0 e resistenza ai Carabinieri: convalidato l\u2019arresto di un venticinquenne di Selargius."},"content":{"rendered":"\n<p>Cagliari, 29 aprile 2026 \u2013 Si \u00e8 conclusa con la convalida dell\u2019arresto e il patteggiamento di una pena di sette mesi di reclusione, con il beneficio della sospensione condizionale, l\u2019udienza con rito direttissimo nei confronti di un disoccupato venticinquenne residente a Selargius, gi\u00e0 noto alle Forze di Polizia, resosi responsabile di una pericolosa fuga notturna lungo le strade dell\u2019hinterland.<\/p>\n\n\n\n<p>I fatti hanno avuto inizio nella notte, quando i Carabinieri della Sezione Radiomobile di Quartu Sant\u2019Elena, impegnati in un ordinario servizio di perlustrazione per il controllo della circolazione stradale, hanno intercettato un\u2019autovettura che procedeva a velocit\u00e0 elevata lungo la Strada Provinciale 8, in localit\u00e0 Terr\u2019e Teula nel territorio di Monserrato.<\/p>\n\n\n\n<p>Nonostante l\u2019ordine di fermarsi intimato dai militari, il conducente ha ignorato l\u2019alt, accelerando ulteriormente nel tentativo di sottrarsi al controllo. La condotta di guida, caratterizzata da manovre azzardate, ha creato una situazione di concreto pericolo per l\u2019incolumit\u00e0 degli altri automobilisti e per gli stessi militari impegnati nell'inseguimento. La fuga \u00e8 terminata nel comune di Selargius, dove il giovane si \u00e8 fermato nei pressi della propria abitazione ed \u00e8 stato bloccato e posto in sicurezza dai Carabinieri.<\/p>\n\n\n\n<p>Al termine degli accertamenti, al venticinquenne \u00e8 stata contestata anche la violazione per guida senza patente in condizione di recidiva. Quindi una volta ricostruita la vicenda e terminate le formalit\u00e0 di rito, nel rispetto dei diritti delle persone coinvolte e della presunzione di innocenza, per quanto risulta allo stato e salvo ulteriori approfondimenti, stante la fase attuale delle indagini preliminari, l\u2019uomo \u00e8 stato arrestato e, dopo aver trascorso la notte ai domiciliari, presentato davanti all'Autorit\u00e0 Giudiziaria per il giudizio direttissimo, conclusosi con la condanna patteggiata a sette mesi e pena sospesa.<\/p>\n\n\n\n<p>L'intervento si inserisce nel quadro della costante attivit\u00e0 di vigilanza e controllo della circolazione stradale svolta dall\u2019Arma dei Carabinieri, volta anche a prevenire e contrastare i comportamenti pericolosi alla guida proprio per garantire la sicurezza dei cittadini lungo le arterie stradali.<\/p>\n","protected":false},"excerpt":{"rendered":"<p>Cagliari, 29 aprile 2026 \u2013 Si \u00e8 conclusa con la convalida dell\u2019arresto e il patteggiamento di una pena di sette mesi di reclusione, con il&#8230;<\/p>\n","protected":false},"author":2,"featured_media":249901,"comment_status":"closed","ping_status":"open","sticky":false,"template":"","format":"standard","meta":[],"categories":[49,55],"tags":[],"_links":{"self":[{"href":"https:\/\/www.cronacaonline.it\/index.php\/wp-json\/wp\/v2\/posts\/272044"}],"collection":[{"href":"https:\/\/www.cronacaonline.it\/index.php\/wp-json\/wp\/v2\/posts"}],"about":[{"href":"https:\/\/www.cronacaonline.it\/index.php\/wp-json\/wp\/v2\/types\/post"}],"author":[{"embeddable":true,"href":"https:\/\/www.cronacaonline.it\/index.php\/wp-json\/wp\/v2\/users\/2"}],"replies":[{"embeddable":true,"href":"https:\/\/www.cronacaonline.it\/index.php\/wp-json\/wp\/v2\/comments?post=272044"}],"version-history":[{"count":1,"href":"https:\/\/www.cronacaonline.it\/index.php\/wp-json\/wp\/v2\/posts\/272044\/revisions"}],"predecessor-version":[{"id":272045,"href":"https:\/\/www.cronacaonline.it\/index.php\/wp-json\/wp\/v2\/posts\/272044\/revisions\/272045"}],"wp:featuredmedia":[{"embeddable":true,"href":"https:\/\/www.cronacaonline.it\/index.php\/wp-json\/wp\/v2\/media\/249901"}],"wp:attachment":[{"href":"https:\/\/www.cronacaonline.it\/index.php\/wp-json\/wp\/v2\/media?parent=272044"}],"wp:term":[{"taxonomy":"category","embeddable":true,"href":"https:\/\/www.cronacaonline.it\/index.php\/wp-json\/wp\/v2\/categories?post=272044"},{"taxonomy":"post_tag","embeddable":true,"href":"https:\/\/www.cronacaonline.it\/index.php\/wp-json\/wp\/v2\/tags?post=272044"}],"curies":[{"name":"wp","href":"https:\/\/api.w.org\/{rel}","templated":true}]}}