{"id":272039,"date":"2026-04-29T05:19:13","date_gmt":"2026-04-29T03:19:13","guid":{"rendered":"https:\/\/www.cronacaonline.it\/?p=272039"},"modified":"2026-04-29T05:19:15","modified_gmt":"2026-04-29T03:19:15","slug":"mandato-di-arresto-per-james-comey-ex-direttore-dellfbi-e-bestia-nera-di-trump-sotto-inchiesta-per-la-seconda-volta-luomo-che-indago-sui-rapporti-fra-mosca-e-lattuale-presidente-amerian","status":"publish","type":"post","link":"https:\/\/www.cronacaonline.it\/index.php\/2026\/04\/29\/mandato-di-arresto-per-james-comey-ex-direttore-dellfbi-e-bestia-nera-di-trump-sotto-inchiesta-per-la-seconda-volta-luomo-che-indago-sui-rapporti-fra-mosca-e-lattuale-presidente-amerian\/","title":{"rendered":"Mandato di arresto per James Comey, ex direttore dell&#8217;FBI e bestia nera di Trump. Sotto inchiesta per la seconda volta l&#8217;uomo che indag\u00f2 sui rapporti fra Mosca e l\u2019attuale presidente ameriano."},"content":{"rendered":"\n<p>Washington, 29 Apr 2026 - Per la seconda volta\u00a0James Comey, ex direttore dell'Fbi, \u00e8 nel mirino della giustizia americana - contro di lui ora c'\u00e8 un mandato di arresto e il rischio concreto di entrare in carcere. L'accusa \u00e8 di avere\u00a0minacciato di morte Donald Trump.<\/p>\n\n\n\n<p>La nuova incriminazione di Comey non \u00e8 solo un caso giudiziario eclatante, ma anche l'ultimo capitolo di uno&nbsp;scontro diretto che dura da quasi dieci anni. Fu l'ex direttore dell'Fbi a indagare sul \u201cRussiagate\u201d, l'inchiesta che nel 2016 cerc\u00f2 di fare luce sui&nbsp;legami tra Mosca e la campagna elettorale di Trump. Eletto presidente, Trump lo licenzi\u00f2 in tronco nel 2017 a indagine ancora in corso.&nbsp;<\/p>\n\n\n\n<p>Comey \u00e8 per Trump l'icona di quella che considera una persecuzione giudiziaria ai suoi danni. Non sorprende che gli abbia giurato vendetta, costi quel che costi.&nbsp;<\/p>\n\n\n\n<p>Questa volta il motivo per colpirlo \u00e8&nbsp;una fotografia pubblicata da Comey&nbsp;sui social quasi un anno fa.<br>Dopo una passeggiata su una spiaggia della North Carolina, Comey post\u00f2 l'immagine di alcune&nbsp;conchiglie&nbsp;disposte a formare i numeri \"86 47\". Secondo il ministero della Giustizia, non si tratta di uno scatto innocente. Nel gergo americano, \"86\" significa eliminare o rimuovere, mentre \"47\" identifica il quarantasettesimo presidente degli Stati Uniti.&nbsp;<\/p>\n\n\n\n<p>Di qui l'atto d'accusa: quel post era una&nbsp;minaccia di morte&nbsp;diretta a Trump.<\/p>\n\n\n\n<p>L'indagine, rimasta ferma per mesi dopo i primi controlli del Secret Service, ha subito una brusca accelerazione quando Trump ha deciso di&nbsp;cambiare i vertici della giustizia. Il presidente ha&nbsp;rimosso Pam Bondi, accusata di non essere abbastanza incisiva contro i suoi nemici, e ha messo al suo posto&nbsp;Todd Blanche.&nbsp;<\/p>\n\n\n\n<p>Blanche, che \u00e8 stato&nbsp;avvocato personale di Trump, ha impresso un cambio di passo. \"Questo caso \u00e8 unico e questa incriminazione spicca per il nome dell'imputato, ma la sua condotta \u00e8 del genere che non tollereremo mai\", ha dichiarato Blanche.<\/p>\n\n\n\n<p>Si tratta della&nbsp;seconda volta&nbsp;in pochi mesi che il governo cerca di trascinare Comey in tribunale.&nbsp;<br>A settembre l'ex alto funzionario fu accusato di&nbsp;falsa testimonianza e intralcio ai lavori del Congresso&nbsp;proprio per le sue indagini sul Russiagate, ma il caso \u00e8 crollato in poche settimane perch\u00e9 un giudice ha ritenuto irregolare la nomina della procuratrice incaricata.<\/p>\n\n\n\n<p>Comey reagisce con un video su Substack. \"Non finir\u00e0 qui. Per quanto mi riguarda,&nbsp;nulla \u00e8 cambiato. Sono ancora innocente. Non ho ancora paura. E continuo a credere nell'indipendenza della magistratura federale\", dice l'ex direttore dell'Fbi.<\/p>\n\n\n\n<p>I legali di Comey punteranno sulla&nbsp;libert\u00e0 di espressione&nbsp;garantita dalla Costituzione: una foto di conchiglie non pu\u00f2 costituire reato senza prove della volont\u00e0 di minacciare. Gli avvocati cercheranno di dimostrare che si tratta di una \"inchiesta vendicativa\", un tentativo di chiudere i conti con chi os\u00f2 indagare sul presidente. Ma il processo a Comey \u00e8 anche un banco di prova per la Casa Bianca, che testa i suoi poteri per capire fino a che punto pu\u00f2 spingersi per piegare al suo volere la giustizia, le leggi e tutto quel delicato sistema di controlli e contrappesi che \u00e8 alla base del sistema istituzionale americano.<\/p>\n","protected":false},"excerpt":{"rendered":"<p>Washington, 29 Apr 2026 &#8211; Per la seconda volta\u00a0James Comey, ex direttore dell&#8217;Fbi, \u00e8 nel mirino della giustizia americana &#8211; contro di lui ora c&#8217;\u00e8&#8230;<\/p>\n","protected":false},"author":2,"featured_media":272040,"comment_status":"closed","ping_status":"open","sticky":false,"template":"","format":"standard","meta":[],"categories":[49,51],"tags":[],"_links":{"self":[{"href":"https:\/\/www.cronacaonline.it\/index.php\/wp-json\/wp\/v2\/posts\/272039"}],"collection":[{"href":"https:\/\/www.cronacaonline.it\/index.php\/wp-json\/wp\/v2\/posts"}],"about":[{"href":"https:\/\/www.cronacaonline.it\/index.php\/wp-json\/wp\/v2\/types\/post"}],"author":[{"embeddable":true,"href":"https:\/\/www.cronacaonline.it\/index.php\/wp-json\/wp\/v2\/users\/2"}],"replies":[{"embeddable":true,"href":"https:\/\/www.cronacaonline.it\/index.php\/wp-json\/wp\/v2\/comments?post=272039"}],"version-history":[{"count":1,"href":"https:\/\/www.cronacaonline.it\/index.php\/wp-json\/wp\/v2\/posts\/272039\/revisions"}],"predecessor-version":[{"id":272041,"href":"https:\/\/www.cronacaonline.it\/index.php\/wp-json\/wp\/v2\/posts\/272039\/revisions\/272041"}],"wp:featuredmedia":[{"embeddable":true,"href":"https:\/\/www.cronacaonline.it\/index.php\/wp-json\/wp\/v2\/media\/272040"}],"wp:attachment":[{"href":"https:\/\/www.cronacaonline.it\/index.php\/wp-json\/wp\/v2\/media?parent=272039"}],"wp:term":[{"taxonomy":"category","embeddable":true,"href":"https:\/\/www.cronacaonline.it\/index.php\/wp-json\/wp\/v2\/categories?post=272039"},{"taxonomy":"post_tag","embeddable":true,"href":"https:\/\/www.cronacaonline.it\/index.php\/wp-json\/wp\/v2\/tags?post=272039"}],"curies":[{"name":"wp","href":"https:\/\/api.w.org\/{rel}","templated":true}]}}