{"id":272037,"date":"2026-04-29T05:13:23","date_gmt":"2026-04-29T03:13:23","guid":{"rendered":"https:\/\/www.cronacaonline.it\/?p=272037"},"modified":"2026-04-29T05:13:25","modified_gmt":"2026-04-29T03:13:25","slug":"la-minetti-dopo-il-presunto-imbroglio-per-ottenere-la-grazia-afferma-per-mio-figlio-ingiustificata-esposizione-mediatica-procura-accertamenti-urgenti","status":"publish","type":"post","link":"https:\/\/www.cronacaonline.it\/index.php\/2026\/04\/29\/la-minetti-dopo-il-presunto-imbroglio-per-ottenere-la-grazia-afferma-per-mio-figlio-ingiustificata-esposizione-mediatica-procura-accertamenti-urgenti\/","title":{"rendered":"La Minetti dopo il presunto imbroglio per ottenere la grazia afferma: \u201cPer mio figlio ingiustificata esposizione mediatica&#8221; Procura: &#8220;Accertamenti urgenti&#8221;."},"content":{"rendered":"\n<p>Milano, 29 Apr 2026 - Quello che doveva essere l\u2019ultimo capitolo della lunga parabola giudiziaria di\u00a0Nicole Minetti\u00a0si \u00e8 trasformato, nelle ultime ore, in un terremoto istituzionale che coinvolge il vertice della Repubblica. Il presidente\u00a0Sergio Mattarella, attraverso l\u2019ufficio stampa del Quirinale, ha chiesto formalmente al Ministero della Giustizia di riscontrare con \u201ccortese\u00a0urgenza\u201d la fondatezza di quanto riportato da recenti inchieste giornalistiche in merito alla\u00a0grazia concessa all'ex consigliera regionale\u00a0lo scorso 18 febbraio. L'ex igienista dentale era stata graziata da Mattarella per via delle \u201cgravi condizioni di salute di uno stretto familiare minore\u201d, di cui non si sarebbe potuta prendere cura se avesse scontato la condanna.<\/p>\n\n\n\n<p>Il Ministero della Giustizia ha gi\u00e0 firmato l\u2019autorizzazione per nuove \u201ccapillari verifiche\u201d. Se dovesse emergere che la grazia \u00e8 stata ottenuta tramite una falsa rappresentazione della realt\u00e0, si aprirebbe uno&nbsp;scenario giuridico inedito: la possibile&nbsp;revoca o nullit\u00e0 dell\u2019atto di clemenza. Gli esiti delle prime ispezioni di via Arenula sono attesi entro le prossime 24 ore.<\/p>\n\n\n\n<p>Intanto, poco fa il ministro&nbsp;Carlo Nordio&nbsp;\u00e8 stato&nbsp;oltre un'ora a Palazzo Chigi&nbsp;e, secondo fonti di governo, ha incontrato il sottosegretario alla Presidenza del Consiglio Alfredo Mantovano per&nbsp;\u201cquestioni pregresse\u201d.&nbsp;<\/p>\n\n\n\n<p>La Procura Generale di Milano ha fatto partire \u201caccertamenti\u201d attraverso l'Interpol \u201ca tutto campo e con urgenza\u201d sul caso Minetti, \u201csu fatti indicati gravissimi\u201d, quelli riportati dall'inchiesta giornalistica de&nbsp;Il Fatto Quotidiano. I magistrati vogliono avere informazioni e documenti anche dall'estero, come dall'Uruguay, \u201csu tutte le persone\u201d di cui si parla, anche la stessa ex igienista dentale e il compagno&nbsp;Giuseppe Cipriani, oltre alla documentazione del Tribunale uruguayano sulla causa per il minore (che la donna avrebbe assistito, motivazione su cui si \u00e8 fatto leva per la richiesta di grazia). Lo hanno spiegato la pg Francesca Nanni e il sostituto pg Brusa. Al termine delle verifiche invieranno un parere al Ministero. Gli accertamenti disposti con urgenza, in linea teorica e quando saranno definiti il pi\u00f9 presto possibile,&nbsp;\u201cpotrebbero portare ad una modifica del nostro parere\u201d, che prima era stato positivo, ha chiarito la procuratrice generale Nanni.<\/p>\n\n\n\n<p>\u201cAbbiamo agito sulla base della delega del Ministero, delega classica attivata in casi simili. Non ci interessa ci\u00f2 che dicono di noi, abbiamo la nostra coscienza e sappiamo cosa fare e abbiamo fatto gli accertamenti. Il Ministero li ha ritenuti idonei per il proprio parere e la Presidenza della Repubblica li ha ritenuti sufficienti. Ora l'interesse di tutti \u00e8 chiarire i fatti indicati\u201d hanno spiegato ancora la procuratrice generale ai giornalisti.<\/p>\n\n\n\n<p>La Procura Generale di Milano, qualora l'istanza di grazia di Nicole Minetti si rivelasse fondata su elementi incongruenti e non veritieri, trasmetter\u00e0&nbsp;gli atti alla Procura per l'apertura di una indagine a carico dell'igienista dentale:&nbsp;si apprende negli ultimi minuti da ambienti giudiziari milanesi. Tra gli accertamenti delegati all'Interpol, ci sono anche quelli che riguardano il periodo in cu Minetti avrebbe soggiornato a Ibiza. Da quanto si \u00e8 saputo, vista l'urgenza, il sostituto procuratore generale Gaetano Brusa avrebbe chiesto di essere informato anche in caso di esiti parziali degli accertamenti.<\/p>\n\n\n\n<p>&nbsp;Il professor Luca Denaro, direttore dell'Uoc Neurochirurgia Pediatrica e Funzionale dell'Azienda Ospedale Universit\u00e0 Padova, \u201cribadisce di non aver mai avuto contatti con la signora Nicole Minetti e conferma di non aver mai avuto in cura il bambino\u201d, riferisce una nota dell'Azienda ospedaliera universitaria di Padova. Il nome di Denaro figura nella ricostruzione giornalistica circa il percorso che ha portato alla concessione della grazia presidenziale.<\/p>\n\n\n\n<p>\u201cDi concerto con il procuratore generale siamo&nbsp;gi\u00e0 attivati per le verifiche, dalle forze nostre di polizia a quelle dell'Interpol, con massima urgenza.&nbsp;Andremo avanti finch\u00e9 non troviamo tutti gli elementi, positivi o negativi. Ripeteremo accertamenti anche in Italia sull'autenticit\u00e0 di documenti sanitari ed altro. Tutte le circostanze sono oggetto di accertamento: dalle modalit\u00e0 di&nbsp;adozione all'estero&nbsp;alla morte del legale della madre biologica del bimbo. Se incontreremo ostacoli, faremo un passo successivo per una rogatoria\u201d specifica il sostituto procuratore della Corte d'Appello di Milano, Gaetano Brusa.<\/p>\n\n\n\n<p>\u201cLa procedura relativa alla grazia a favore di Nicole Minetti si \u00e8 svolta nel pieno rispetto delle norme. L'istanza \u00e8 stata presentata dalla condannata al presidente della Repubblica, che, come usuale, ha trasmesso gli atti al Ministero della Giustizia per l'istruttoria. Quest'ultima \u00e8 stata demandata, come previsto, alla Procura generale competente, in questo caso quella di Milano, che ha operato in totale autonomia, svolgendo tutti gli accertamenti necessari sulla base della documentazione fornita dalla condannata e dalla sua difesa\u201d: cos\u00ec a Rainews 24&nbsp;il viceministro alla Giustizia, Francesco Paolo Sisto. \u201cIl ministero ha poi raccolto gli esiti e ha espresso un parere, non una proposta, non vincolante, risultato favorevole in base agli elementi trasmessi e disponibili. Oggi emergono elementi nuovi riportati dalla stampa: plaudendo al giornalismo d'inchiesta, \u00e8 comunque corretto che tali notizie vengano verificate, e con attenzione. Se dovessero risultare significative difformit\u00e0 rispetto a quanto rappresentato dalla richiedente la grazia, sar\u00e0 altrettanto corretto trarne le debite conseguenze\u201d.<\/p>\n\n\n\n<p>La mia inchiesta? \u201cQualcosa \u00e8 iniziato a non tornare nel momento in cui abbiamo avuto da una parte la richiesta della grazia, quindi tutto quello che \u00e8 stato prospettato per averla, e dall'altra delle fonti in Uruguay che raccontavano che le cose stavano diversamente:&nbsp;Minetti non aveva cambiato vita, faceva feste insieme al compagno con queste ragazze che andavano e venivano saltando i controlli dell'immigrazione\u201d. Lo ha ribadito il giornalista del&nbsp;Fatto Quotidiano&nbsp;Thomas Mackinson, autore dell'inchiesta, oggi intervenuto nella trasmissione di Rai Radio1&nbsp;Un Giorno da Pecora. \u201cSecondo i racconti di chi c'era,&nbsp;di giorno si accoglievano i bambini&nbsp;dell'orfanotrofio e Cipriani serviva i pasti, mentre&nbsp;nel weekend e la notte arrivavano le ragazze: argentine, brasiliane, uruguayane, c'era un tariffario a seconda della nazionalit\u00e0 e del gradimento\u201d.<\/p>\n\n\n\n<p>Un tariffario? \u201cSicuramente le pi\u00f9 richieste erano le argentine e le italiane, quelle locali erano la \u2018fascia bassa\u2019 per cos\u00ec dire. Da quello che ho capito erano delle professioniste\u201d. Lei \u00e8 stato in Uruguay?, hanno chiesto a Mackinson:&nbsp;\u201cNo, ho fatto quello che si poteva fare di qui: mi sono attaccato al telefono e ho iniziato a chiamare la procura locale e tutti quelli che ruotavano intorno alla propriet\u00e0, ho parlato con persone che hanno vissuto o lavorato l\u00ec, che sono state a contatto con questa coppia\u201d. La sua inchiesta \u00e8 terminata qui o c'\u00e8 dell'altro? \u201cCi sono cose che non si possono scrivere e altre che forse potranno esser scritte\u201d. Cos'\u00e8 che non si pu\u00f2 scrivere? \u201cAd esempio, le frequentazioni di questa villa, chi ci andava. Spero di poter scrivere questi nomi, primo o poi di poter chiudere il cerchio di questa storia\u201d. Dal Quirinale l'ha cercata qualcuno? \u201cQuando siamo usciti con le prime puntate - ha concluso il giornalista del&nbsp;Fatto&nbsp;-, c'\u00e8 stato un interessamento ed uno scambio\u201d.<\/p>\n\n\n\n<p>Il caso \u00e8 esploso sabato 25 aprile, quando&nbsp;Il Fatto Quotidiano&nbsp;ha pubblicato una serie di&nbsp;servizi che mettono in dubbio le motivazioni umanitarie alla base del provvedimento di clemenza. Secondo il quotidiano: Minetti avrebbe gestito a Maldonado una villa e uno yacht per conto del compagno Giuseppe Cipriani, organizzando serate con escort e ospiti internazionali.&nbsp;La grazia sarebbe stata concessa per permettere alla Minetti di accudire un bambino&nbsp;presentato come \u201cabbandonato\u201d e bisognoso di cure specialistiche. L'inchiesta sostiene invece che i genitori biologici siano vivi, sebbene poveri, e che la madre sia misteriosamente scomparsa proprio nel febbraio 2026. Viene citata la morte sospetta (carbonizzata) dell'avvocata che difendeva la madre biologica del minore, avvenuta dopo che la Minetti e Cipriani avevano ottenuto l'affidamento del bambino tramite una causa legale nel 2023.<\/p>\n\n\n\n<p>Dal Quirinale filtrano precisazioni importanti: il capo dello Stato non dispone di strumenti autonomi d'indagine. La decisione si \u00e8 fondata esclusivamente sul parere favorevole del Ministro della Giustizia e sulla documentazione fornita da via Arenula, che descriveva un quadro clinico e familiare critico. Secondo la sentenza 200\/2006 della Corte Costituzionale, l\u2019istruttoria spetta infatti interamente al Ministero. Il sostituto procuratore Brusa ha confermato all'ANSA che a fine 2025 \u201cil quadro era completo e non emergevano anomalie\u201d, basandosi sui riscontri sanitari effettuati dai Carabinieri.<\/p>\n\n\n\n<p>L'ex consigliera lombarda, intanto, non ci sta e affida ai suoi legali una nota durissima. Le informazioni sono definite \u201cprive di fondamento e gravemente lesive\u201d. \u00c8 stata annunciata una&nbsp;formale diffida contro la testata giornalistica&nbsp;e l'avvio di azioni legali nelle sedi competenti per tutelare la privacy della famiglia e dei minori coinvolti. La grazia era intervenuta a estinguere il residuo di un&nbsp;cumulo pene totale di 3 anni e 11 mesi:<\/p>\n\n\n\n<p>2 anni e 10 mesi (Ruby-bis)&nbsp;per&nbsp;favoreggiamento della prostituzione, legato alla gestione degli alloggi di via Olgettina, ai pagamenti delle ragazze e al celebre affidamento della minorenne Ruby Rubacuori, la notte del 27 maggio 2010.&nbsp;1 anno e 1 mese (Rimborsopoli)&nbsp;per&nbsp;peculato, a causa dell'uso improprio di fondi pubblici della Regione Lombardia per spese personali.<\/p>\n\n\n\n<p>\u201cSe fossi io il presidente della Repubblica, non avrei dato la grazia in una condizione come quella rappresentata dai giornali.&nbsp;Se le notizie fossero confermate, sarebbe gravissimo:&nbsp;vorrebbe dire che il capo dello stato \u00e8 stato ingannato\u201d dice a RaiNews24&nbsp;Stefano Celli, vicesegretario Anm (Associazione Nazionale Magistrati) in merito alla vicenda.<\/p>\n\n\n\n<p>I gruppi di opposizione al Senato hanno chiesto che il ministro della Giustizia riferisca in Aula, con un'informativa sul caso della grazia a Nicole Minetti. I capigruppo di Pd, M5s e Avs l'hanno riferito al termine della conferenza dei capigruppo, a cui hanno sottoposto la richiesta. \u201c\u00c8 una vicenda che sta facendo sentire tutti disorientati perch\u00e9 non era mai successo che un fascicolo inviato al Quirinale fosse opaco e poco trasparente\u201d ha detto Francesco Boccia, presidente dei senatori del Pd. La richiesta di un'informativa \u201cprima possibile\u201d \u00e8 stata ribadita in Aula a inizio seduta.<\/p>\n\n\n\n<p>\"Ritengo doveroso intervenire per tutelare la mia persona, la mia famiglia e soprattutto mio figlio, gravemente esposti a una indebita e ingiustificata esposizione mediatica\". A dirlo, in una nota, \u00e8 Nicole Minetti. \"Sono state diffuse ricostruzioni false, gravemente lesive della mia reputazione, accompagnate dalla divulgazione di informazioni riguardanti un minore che, per legge, non avrebbero mai dovuto essere rese pubbliche, in palese violazione dei principi posti a tutela dei minori\". Minetti precisa inoltre \"di non essere mai stata indagata n\u00e9 di aver mai ricevuto comunicazioni di indagini a mio carico, n\u00e9 in Uruguay n\u00e9 in Spagna\".<\/p>\n\n\n\n<p>\"Di fronte a una grave patologia che ha colpito mio figlio, io e la mia famiglia ci siamo rivolti a strutture sanitarie di eccellenza, al fine di garantire le migliori cure possibili\". Cos\u00ec, in una nota, Nicole Minetti. \"In tale contesto - aggiunge - &nbsp;\u00e8 stata individuata una struttura altamente specializzata a Boston, dove mio figlio \u00e8 stato sottoposto a un intervento chirurgico molto delicato e complesso\".<\/p>\n","protected":false},"excerpt":{"rendered":"<p>Milano, 29 Apr 2026 &#8211; Quello che doveva essere l\u2019ultimo capitolo della lunga parabola giudiziaria di\u00a0Nicole Minetti\u00a0si \u00e8 trasformato, nelle ultime ore, in un terremoto&#8230;<\/p>\n","protected":false},"author":2,"featured_media":14017,"comment_status":"closed","ping_status":"open","sticky":false,"template":"","format":"standard","meta":[],"categories":[49,50],"tags":[],"_links":{"self":[{"href":"https:\/\/www.cronacaonline.it\/index.php\/wp-json\/wp\/v2\/posts\/272037"}],"collection":[{"href":"https:\/\/www.cronacaonline.it\/index.php\/wp-json\/wp\/v2\/posts"}],"about":[{"href":"https:\/\/www.cronacaonline.it\/index.php\/wp-json\/wp\/v2\/types\/post"}],"author":[{"embeddable":true,"href":"https:\/\/www.cronacaonline.it\/index.php\/wp-json\/wp\/v2\/users\/2"}],"replies":[{"embeddable":true,"href":"https:\/\/www.cronacaonline.it\/index.php\/wp-json\/wp\/v2\/comments?post=272037"}],"version-history":[{"count":1,"href":"https:\/\/www.cronacaonline.it\/index.php\/wp-json\/wp\/v2\/posts\/272037\/revisions"}],"predecessor-version":[{"id":272038,"href":"https:\/\/www.cronacaonline.it\/index.php\/wp-json\/wp\/v2\/posts\/272037\/revisions\/272038"}],"wp:featuredmedia":[{"embeddable":true,"href":"https:\/\/www.cronacaonline.it\/index.php\/wp-json\/wp\/v2\/media\/14017"}],"wp:attachment":[{"href":"https:\/\/www.cronacaonline.it\/index.php\/wp-json\/wp\/v2\/media?parent=272037"}],"wp:term":[{"taxonomy":"category","embeddable":true,"href":"https:\/\/www.cronacaonline.it\/index.php\/wp-json\/wp\/v2\/categories?post=272037"},{"taxonomy":"post_tag","embeddable":true,"href":"https:\/\/www.cronacaonline.it\/index.php\/wp-json\/wp\/v2\/tags?post=272037"}],"curies":[{"name":"wp","href":"https:\/\/api.w.org\/{rel}","templated":true}]}}