{"id":272033,"date":"2026-04-28T16:27:23","date_gmt":"2026-04-28T14:27:23","guid":{"rendered":"https:\/\/www.cronacaonline.it\/?p=272033"},"modified":"2026-04-28T16:27:25","modified_gmt":"2026-04-28T14:27:25","slug":"step-presentato-lavviso-da-100-milioni-per-gli-investimenti-delle-imprese-il-vicepresidente-della-regione-giuseppe-meloni-scegliamo-di-investire-sulle-tecnologie-del-futuro-per-aumentar","status":"publish","type":"post","link":"https:\/\/www.cronacaonline.it\/index.php\/2026\/04\/28\/step-presentato-lavviso-da-100-milioni-per-gli-investimenti-delle-imprese-il-vicepresidente-della-regione-giuseppe-meloni-scegliamo-di-investire-sulle-tecnologie-del-futuro-per-aumentar\/","title":{"rendered":"Step: presentato l\u2019avviso da 100 milioni per gli investimenti delle imprese. Il vicepresidente della Regione, Giuseppe Meloni: &#8220;Scegliamo di investire sulle tecnologie del futuro per aumentare la competitivit\u00e0 del nostro sistema produttivo&#8221;."},"content":{"rendered":"\n<p>Cagliari, 28 Apr 2026\u00a0- Si \u00e8 svolta oggi la conferenza stampa di presentazione dell\u2019iniziativa STEP (Strategic Technologies for Europe Platform) in Sardegna e del nuovo Avviso pubblico per la selezione di proposte di investimento produttivo da finanziare attraverso contratti di investimento nei settori delle tecnologie digitali e deep tech, delle tecnologie pulite ed efficienti sotto il profilo delle risorse e delle biotecnologie. L\u2019intervento si inserisce nell\u2019ambito del PR Sardegna FESR (Fondo europeo di sviluppo regionale) 2021-2027, rimodulato dalla Regione per contribuire agli obiettivi della Strategic Technologies for Europe Platform, istituita dall\u2019Unione europea per aumentare la competitivit\u00e0 delle filiere tecnologiche cosiddette \u201ccritiche\u201d e per recuperare il divario rispetto ai leader globali in questi settori.<\/p>\n\n\n\n<p>\u201cCon STEP - ha dichiarato Giuseppe Meloni, vicepresidente della Regione e assessore della Programmazione, Bilancio, Credito e Assetto del territorio - la Sardegna compie una scelta strategica chiara: investire sulle tecnologie del futuro per rafforzare la competitivit\u00e0 del nostro sistema produttivo e creare occupazione qualificata. Questo Avviso sostiene progetti capaci di generare un impatto concreto sul territorio. Vogliamo accompagnare investimenti solidi, industrialmente credibili e coerenti con la transizione digitale e verde, mettendo le imprese sarde e quelle che scelgono di investire nell\u2019Isola nelle condizioni di misurarsi con le sfide europee pi\u00f9 avanzate. Sono politiche \u2013 ha concluso Meloni - che puntano a creare sviluppo qualificato, nuova capacit\u00e0 produttiva e occupazione di qualit\u00e0\u201d.<\/p>\n\n\n\n<p>Centrale \u00e8 il tema dell\u2019attrattivit\u00e0 della Sardegna, per imprese grandi che possano spostare una sede nell\u2019Isola, e del rientro di \u201ccervelli in fuga\u201d, giovani specializzati in nuove tecnologie che sono andati all\u2019estero per mancanze di opportunit\u00e0. L\u2019Avviso mette a disposizione 100 milioni di sostegno pubblico: 65 milioni per la Priorit\u00e0 8, destinata allo sviluppo e alla fabbricazione di tecnologie critiche deep tech, digitali e biotecnologie; 2,5 milioni per le relative competenze; 30 milioni per la Priorit\u00e0 9, dedicata alle tecnologie pulite; e ulteriori 2,5 milioni per lo sviluppo delle competenze collegate. Il sostegno potr\u00e0 assumere la forma di sovvenzione e potr\u00e0 essere combinato, ove previsto, con il Fondo di Competitivit\u00e0 delle imprese, che dispone di una dotazione iniziale di 10 milioni di euro.<\/p>\n\n\n\n<p>L\u2019Avviso \u00e8 rivolto a imprese, in forma singola o aggregata in consorzi, societ\u00e0 consortili o contratti di rete con soggettivit\u00e0 giuridica. Ogni soggetto proponente pu\u00f2 presentare una sola proposta. I programmi dovranno riguardare investimenti da realizzare in Sardegna, con una dimensione complessiva compresa tra 1,5 milioni e 25 milioni di euro, e dovranno essere finalizzati allo sviluppo o alla fabbricazione di \u201ctecnologie critiche\u201d oppure al rafforzamento delle relative catene del valore. Le proposte possono comprendere investimenti produttivi, eventualmente integrati da azioni per lo sviluppo delle competenze, attivit\u00e0 di ricerca industriale e sviluppo sperimentale e, solo per le PMI (piccole e medie imprese), servizi di consulenza specialistica.<\/p>\n\n\n\n<p>Le domande dovranno essere presentate attraverso la piattaforma SIPES (Sistema informativo processo di erogazione e sostegno), accessibile dal sito istituzionale della Regione Autonoma della Sardegna, dalle ore 12 dell\u201911 maggio 2026 alle ore 12 del 13 luglio 2026. La selezione avverr\u00e0 mediante procedura valutativo-negoziale. I progetti ammessi dovranno essere completati entro un massimo di 42 mesi e, in ogni caso, non oltre il 30 giugno 2030. L\u2019Avviso anticipa inoltre la possibilit\u00e0, per le imprese che risulteranno beneficiarie del contributo FESR, di accedere successivamente anche agli incentivi all\u2019occupazione a valere su un futuro Avviso finanziato dal PR Sardegna FSE+ (Fondo sociale europeo plus) 2021\u20132027.<\/p>\n\n\n\n<p>\u201cL\u2019Avviso \u00e8 stato costruito per selezionare proposte ad alto contenuto tecnologico, con un forte impianto industriale, sostenibilit\u00e0 economico-finanziaria e chiara coerenza con il perimetro STEP. Il lavoro del Centro regionale di Programmazione \u00e8 stato orientato a tradurre gli obiettivi europei in uno strumento operativo rigoroso, trasparente e concretamente accessibile al sistema produttivo\u201d, ha aggiunto Elisabetta Neroni, Direttrice generale del Centro regionale di Programmazione e Autorit\u00e0 di Gestione del PR Sardegna FESR Sardegna \u201821-27. Con questo Avviso, la Regione Sardegna consolida il proprio impegno nel sostenere investimenti innovativi ad alto valore aggiunto, valorizzando competenze, ricerca e capacit\u00e0 industriali nei settori strategici individuati dall\u2019Europa come decisivi per il futuro della competitivit\u00e0 e dell\u2019autonomia tecnologica. Gi\u00e0 gioved\u00ec 30 aprile l\u2019Avviso sar\u00e0 presentato con Confindustria Sardegna Meridionale mentre sono previste tappe di presentazione sul territorio e webinar mirati per le imprese potenzialmente interessate. Com<\/p>\n","protected":false},"excerpt":{"rendered":"<p>Cagliari, 28 Apr 2026\u00a0&#8211; Si \u00e8 svolta oggi la conferenza stampa di presentazione dell\u2019iniziativa STEP (Strategic Technologies for Europe Platform) in Sardegna e del nuovo&#8230;<\/p>\n","protected":false},"author":2,"featured_media":272034,"comment_status":"closed","ping_status":"open","sticky":false,"template":"","format":"standard","meta":[],"categories":[49,52],"tags":[],"_links":{"self":[{"href":"https:\/\/www.cronacaonline.it\/index.php\/wp-json\/wp\/v2\/posts\/272033"}],"collection":[{"href":"https:\/\/www.cronacaonline.it\/index.php\/wp-json\/wp\/v2\/posts"}],"about":[{"href":"https:\/\/www.cronacaonline.it\/index.php\/wp-json\/wp\/v2\/types\/post"}],"author":[{"embeddable":true,"href":"https:\/\/www.cronacaonline.it\/index.php\/wp-json\/wp\/v2\/users\/2"}],"replies":[{"embeddable":true,"href":"https:\/\/www.cronacaonline.it\/index.php\/wp-json\/wp\/v2\/comments?post=272033"}],"version-history":[{"count":1,"href":"https:\/\/www.cronacaonline.it\/index.php\/wp-json\/wp\/v2\/posts\/272033\/revisions"}],"predecessor-version":[{"id":272035,"href":"https:\/\/www.cronacaonline.it\/index.php\/wp-json\/wp\/v2\/posts\/272033\/revisions\/272035"}],"wp:featuredmedia":[{"embeddable":true,"href":"https:\/\/www.cronacaonline.it\/index.php\/wp-json\/wp\/v2\/media\/272034"}],"wp:attachment":[{"href":"https:\/\/www.cronacaonline.it\/index.php\/wp-json\/wp\/v2\/media?parent=272033"}],"wp:term":[{"taxonomy":"category","embeddable":true,"href":"https:\/\/www.cronacaonline.it\/index.php\/wp-json\/wp\/v2\/categories?post=272033"},{"taxonomy":"post_tag","embeddable":true,"href":"https:\/\/www.cronacaonline.it\/index.php\/wp-json\/wp\/v2\/tags?post=272033"}],"curies":[{"name":"wp","href":"https:\/\/api.w.org\/{rel}","templated":true}]}}