{"id":272027,"date":"2026-04-28T10:35:25","date_gmt":"2026-04-28T08:35:25","guid":{"rendered":"https:\/\/www.cronacaonline.it\/?p=272027"},"modified":"2026-04-28T10:35:28","modified_gmt":"2026-04-28T08:35:28","slug":"agenti-della-squadra-mobile-arrestano-un-giovane-sassarese-ritenuto-responsabile-di-numerose-rapine-e-furti-in-citta","status":"publish","type":"post","link":"https:\/\/www.cronacaonline.it\/index.php\/2026\/04\/28\/agenti-della-squadra-mobile-arrestano-un-giovane-sassarese-ritenuto-responsabile-di-numerose-rapine-e-furti-in-citta\/","title":{"rendered":"Agenti della Squadra Mobile arrestano un giovane sassarese ritenuto responsabile di numerose rapine e furti in citta."},"content":{"rendered":"\n<p>Sassari, 28 Apr 2026 \u2013 Gli agenti della Squadra Mobile di Sassari hanno arrestato un pregiudicato sassarese, responsabile di una serie di rapine e furti a danni di attivit\u00e0 commerciali cittadine, commessi con un martello. L'uomo si \u00e8 impossesso di somme di denaro, stecche di sigarette e altri valori. Pertanto, il pregiudicato dopo il fermo in flagranza di reato, la Procura di Sassari ha ottenuto la custodia cautelare in carcere.<\/p>\n\n\n\n<p>Il giovane agiva a bordo di uno scooter rubato, con il volto travisato da casco da motociclista e fazzoletto, colpendo almeno tre attivit\u00e0 commerciali e minacciando i titolari con il martello per farsi consegnare i valori.<\/p>\n\n\n\n<p>Ma grazie ad un'intensa indagine gli investigatori della Mobile hanno individuato il nascondiglio della moto nelle campagne di Sassari. Le modalit\u00e0 di occultamento suggerivano un riutilizzo imminente: \u00e8 stato cos\u00ec predisposto un servizio di osservazione. E l'indagato, avvicinatosi con fare sospetto per recuperarla, \u00e8 stato bloccato e arrestato dagli agenti appostati.<\/p>\n\n\n\n<p>Al momento del fermo, ha opposto violenta resistenza colpendo con il casco due poliziotti, provocandogli lesioni guaribili in 7 giorni. Subito dopo durante la perquisizione del motociclo \u00e8 stato trovato il martello usato nelle rapine nel cassetto portaoggetti.<\/p>\n\n\n\n<p>Ultimate le formalit\u00e0 di rito, l'indagato \u00e8 stato associato alla casa circondariale di Sassari, a disposizione dell'Autorit\u00e0 Giudiziaria.<\/p>\n","protected":false},"excerpt":{"rendered":"<p>Sassari, 28 Apr 2026 \u2013 Gli agenti della Squadra Mobile di Sassari hanno arrestato un pregiudicato sassarese, responsabile di una serie di rapine e furti&#8230;<\/p>\n","protected":false},"author":2,"featured_media":272028,"comment_status":"closed","ping_status":"open","sticky":false,"template":"","format":"standard","meta":[],"categories":[49,55],"tags":[],"_links":{"self":[{"href":"https:\/\/www.cronacaonline.it\/index.php\/wp-json\/wp\/v2\/posts\/272027"}],"collection":[{"href":"https:\/\/www.cronacaonline.it\/index.php\/wp-json\/wp\/v2\/posts"}],"about":[{"href":"https:\/\/www.cronacaonline.it\/index.php\/wp-json\/wp\/v2\/types\/post"}],"author":[{"embeddable":true,"href":"https:\/\/www.cronacaonline.it\/index.php\/wp-json\/wp\/v2\/users\/2"}],"replies":[{"embeddable":true,"href":"https:\/\/www.cronacaonline.it\/index.php\/wp-json\/wp\/v2\/comments?post=272027"}],"version-history":[{"count":1,"href":"https:\/\/www.cronacaonline.it\/index.php\/wp-json\/wp\/v2\/posts\/272027\/revisions"}],"predecessor-version":[{"id":272029,"href":"https:\/\/www.cronacaonline.it\/index.php\/wp-json\/wp\/v2\/posts\/272027\/revisions\/272029"}],"wp:featuredmedia":[{"embeddable":true,"href":"https:\/\/www.cronacaonline.it\/index.php\/wp-json\/wp\/v2\/media\/272028"}],"wp:attachment":[{"href":"https:\/\/www.cronacaonline.it\/index.php\/wp-json\/wp\/v2\/media?parent=272027"}],"wp:term":[{"taxonomy":"category","embeddable":true,"href":"https:\/\/www.cronacaonline.it\/index.php\/wp-json\/wp\/v2\/categories?post=272027"},{"taxonomy":"post_tag","embeddable":true,"href":"https:\/\/www.cronacaonline.it\/index.php\/wp-json\/wp\/v2\/tags?post=272027"}],"curies":[{"name":"wp","href":"https:\/\/api.w.org\/{rel}","templated":true}]}}