{"id":272023,"date":"2026-04-28T05:30:46","date_gmt":"2026-04-28T03:30:46","guid":{"rendered":"https:\/\/www.cronacaonline.it\/?p=272023"},"modified":"2026-04-28T05:30:52","modified_gmt":"2026-04-28T03:30:52","slug":"grazia-a-minetti-il-quirinale-infuriato-scrive-a-nordio-verifiche-sulla-supposte-falsita-degli-elementi-secondo-un-quotidiano-avrebbe-presentato-false-dichiarazioni-per-ottenere-la-grazia","status":"publish","type":"post","link":"https:\/\/www.cronacaonline.it\/index.php\/2026\/04\/28\/grazia-a-minetti-il-quirinale-infuriato-scrive-a-nordio-verifiche-sulla-supposte-falsita-degli-elementi-secondo-un-quotidiano-avrebbe-presentato-false-dichiarazioni-per-ottenere-la-grazia\/","title":{"rendered":"Grazia a Minetti, il Quirinale infuriato scrive a Nordio: &#8220;Verifiche sulla supposte falsit\u00e0 degli elementi&#8221;. Secondo un quotidiano avrebbe presentato false dichiarazioni per ottenere la grazia."},"content":{"rendered":"\n<p>Roma, 28 Apr 2026 - Quello che doveva essere l\u2019ultimo capitolo della lunga parabola giudiziaria di Nicole Minetti si \u00e8 trasformato, nelle ultime ore, in un terremoto istituzionale che coinvolge il vertice della Repubblica. Il Presidente Sergio Mattarella, attraverso l\u2019ufficio stampa del Quirinale, ha chiesto formalmente al Ministero della Giustizia di riscontrare con \"cortese urgenza\" la fondatezza di quanto riportato da recenti inchieste giornalistiche in merito alla grazia concessa all'ex consigliera regionale lo scorso 18 febbraio 2026. Il Ministero della Giustizia ha gi\u00e0 firmato l\u2019autorizzazione per nuove \"capillari verifiche\". Se dovesse emergere che la grazia \u00e8 stata ottenuta tramite una falsa rappresentazione della realt\u00e0, si aprirebbe uno scenario giuridico inedito: la possibile revoca o nullit\u00e0 dell\u2019atto di clemenza. Gli esiti delle prime ispezioni di via Arenula sono attesi entro le prossime 24 ore.<\/p>\n\n\n\n<p>Il caso \u00e8 esploso sabato 25 aprile, quando&nbsp;Il Fatto Quotidiano&nbsp;ha pubblicato una serie di servizi che mettono in dubbio le motivazioni umanitarie alla base del provvedimento di clemenza. Secondo il quotidiano:<\/p>\n\n\n\n<p>Minetti avrebbe gestito a Maldonado una villa e uno yacht per conto del compagno Giuseppe Cipriani, organizzando serate con escort e ospiti internazionali.<\/p>\n\n\n\n<p>La grazia sarebbe stata concessa per permettere alla Minetti di accudire un bambino presentato come \"abbandonato\" e necessitante di cure specialistiche. L'inchiesta sostiene invece che i genitori biologici siano vivi, sebbene poveri, e che la madre sia misteriosamente scomparsa proprio nel febbraio 2026.<\/p>\n\n\n\n<p>Viene citata la morte sospetta (carbonizzata) dell'avvocata che difendeva la madre biologica del minore, avvenuta dopo che la Minetti e Cipriani avevano ottenuto l'affidamento del bambino tramite una causa legale nel 2023.<\/p>\n\n\n\n<p>Dal Quirinale filtrano precisazioni importanti: il Capo dello Stato non dispone di strumenti autonomi d'indagine. La decisione si \u00e8 fondata esclusivamente sul parere favorevole del Ministro della Giustizia e sulla documentazione fornita da via Arenula, che descriveva un quadro clinico e familiare critico. Secondo la sentenza 200\/2006 della Corte Costituzionale, l\u2019istruttoria spetta infatti interamente al Ministero.<\/p>\n\n\n\n<p>Il sostituto procuratore della Corte d'Appello di Milano, Gaetano Brusa, ha confermato all'ANSA che a fine 2025 \"il quadro era completo e non emergevano anomalie\", basandosi sui riscontri sanitari effettuati dai Carabinieri.<\/p>\n\n\n\n<p>L'ex consigliera non ci sta e affida ai suoi legali una nota durissima. Le informazioni sono definite \"prive di fondamento e gravemente lesive\". \u00c8 stata annunciata una formale diffida contro la testata giornalistica e l'avvio di azioni legali nelle sedi competenti per tutelare la privacy della propria famiglia e dei minori coinvolti.<\/p>\n\n\n\n<p>La grazia era intervenuta a estinguere il residuo di un cumulo pene totale di 3 anni e 11 mesi:<\/p>\n\n\n\n<p>2 anni e 10 mesi (Ruby-bis) per&nbsp;favoreggiamento della prostituzione, legato alla gestione degli alloggi di via Olgettina, ai pagamenti delle ragazze e al celebre affidamento della minorenne Ruby la notte del 27 maggio 2010.<\/p>\n\n\n\n<p>1 anno e 1 mese (Rimborsopoli) per peculato, a causa dell'uso improprio di fondi pubblici della Regione Lombardia per spese personali.<\/p>\n","protected":false},"excerpt":{"rendered":"<p>Roma, 28 Apr 2026 &#8211; Quello che doveva essere l\u2019ultimo capitolo della lunga parabola giudiziaria di Nicole Minetti si \u00e8 trasformato, nelle ultime ore, in&#8230;<\/p>\n","protected":false},"author":2,"featured_media":272024,"comment_status":"closed","ping_status":"open","sticky":false,"template":"","format":"standard","meta":[],"categories":[49,50],"tags":[],"_links":{"self":[{"href":"https:\/\/www.cronacaonline.it\/index.php\/wp-json\/wp\/v2\/posts\/272023"}],"collection":[{"href":"https:\/\/www.cronacaonline.it\/index.php\/wp-json\/wp\/v2\/posts"}],"about":[{"href":"https:\/\/www.cronacaonline.it\/index.php\/wp-json\/wp\/v2\/types\/post"}],"author":[{"embeddable":true,"href":"https:\/\/www.cronacaonline.it\/index.php\/wp-json\/wp\/v2\/users\/2"}],"replies":[{"embeddable":true,"href":"https:\/\/www.cronacaonline.it\/index.php\/wp-json\/wp\/v2\/comments?post=272023"}],"version-history":[{"count":1,"href":"https:\/\/www.cronacaonline.it\/index.php\/wp-json\/wp\/v2\/posts\/272023\/revisions"}],"predecessor-version":[{"id":272025,"href":"https:\/\/www.cronacaonline.it\/index.php\/wp-json\/wp\/v2\/posts\/272023\/revisions\/272025"}],"wp:featuredmedia":[{"embeddable":true,"href":"https:\/\/www.cronacaonline.it\/index.php\/wp-json\/wp\/v2\/media\/272024"}],"wp:attachment":[{"href":"https:\/\/www.cronacaonline.it\/index.php\/wp-json\/wp\/v2\/media?parent=272023"}],"wp:term":[{"taxonomy":"category","embeddable":true,"href":"https:\/\/www.cronacaonline.it\/index.php\/wp-json\/wp\/v2\/categories?post=272023"},{"taxonomy":"post_tag","embeddable":true,"href":"https:\/\/www.cronacaonline.it\/index.php\/wp-json\/wp\/v2\/tags?post=272023"}],"curies":[{"name":"wp","href":"https:\/\/api.w.org\/{rel}","templated":true}]}}