{"id":272017,"date":"2026-04-27T19:31:50","date_gmt":"2026-04-27T17:31:50","guid":{"rendered":"https:\/\/www.cronacaonline.it\/?p=272017"},"modified":"2026-04-27T19:31:52","modified_gmt":"2026-04-27T17:31:52","slug":"badu-e-carros-la-presidente-todde-in-visita-al-carcere-di-nuoro-no-a-un-carcere-solo-41-bis-la-sardegna-non-puo-pagare-la-sua-insularita","status":"publish","type":"post","link":"https:\/\/www.cronacaonline.it\/index.php\/2026\/04\/27\/badu-e-carros-la-presidente-todde-in-visita-al-carcere-di-nuoro-no-a-un-carcere-solo-41-bis-la-sardegna-non-puo-pagare-la-sua-insularita\/","title":{"rendered":"Badu \u2019e Carros, la presidente Todde in visita al carcere di Nuoro. \u201cNo a un carcere solo 41 bis, la Sardegna non pu\u00f2 pagare la sua insularit\u00e0\u201d."},"content":{"rendered":"\n<p>Nuoro, 27 Apr 2026- La Presidente della Regione Sardegna Alessandra Todde ha visitato oggi il carcere di Badu \u2019e Carros a Nuoro, insieme al sindaco di Nuoro Emiliano Fenu. Accolta dalla direttrice dell\u2019istituto Daniela Marras, dal provveditore regionale dell\u2019Amministrazione penitenziaria per la Sardegna, Domenico Giuseppe Arena. All\u2019incontro ha partecipato la Garante dei detenuti del carcere nuorese, Giovanna Serra.<\/p>\n\n\n\n<p>Il sopralluogo si inserisce in una fase decisiva per il futuro dell\u2019istituto, indicato tra quelli coinvolti nel piano nazionale di rafforzamento del regime del 41 bis, e ha rappresentato un momento di confronto tra istituzioni sullo stato dei lavori e sulle prospettive della struttura.<\/p>\n\n\n\n<p>\u201c\u00c8 stato un incontro importante tra istituzioni, improntato alla leale collaborazione, a cui noi non ci sottraiamo. Il punto per\u00f2 deve essere chiaro: la nostra preoccupazione non \u00e8 il numero dei posti al 41 bis, ma il rischio che il carcere venga destinato esclusivamente a questo regime\u201d, dichiara la Presidente della Regione, Todde.<\/p>\n\n\n\n<p>\u201cBadu \u2019e Carros \u00e8 una casa circondariale e non deve perdere questa vocazione. \u00c8 un carcere dentro la citt\u00e0, che negli anni ha costruito relazioni con il territorio, con il volontariato e con la Chiesa. Trasformarlo in una struttura esclusivamente dedicata al 41 bis significherebbe tagliare questi legami e interrompere percorsi costruiti nel tempo\u201d.<\/p>\n\n\n\n<p>Durante il sopralluogo \u00e8 emerso come i lavori di adeguamento siano ancora in corso.<\/p>\n\n\n\n<p>\u201cHo voluto verificare personalmente lo stato di avanzamento degli interventi. Parliamo di un cantiere ancora aperto, con lavori da completare. Per questo \u00e8 necessario aprire un\u2019interlocuzione seria con il Ministero della Giustizia e con il Dipartimento dell\u2019Amministrazione penitenziaria. Non si possono assumere decisioni senza una reale conoscenza delle condizioni dei luoghi\u201d.<\/p>\n\n\n\n<p>La Presidente ha ribadito che la Regione non si sottrae alle proprie responsabilit\u00e0 in materia di sicurezza, ma contesta l\u2019impostazione complessiva del piano.<\/p>\n\n\n\n<p>\u201cRiteniamo inaccettabile l\u2019idea di dedicare in maniera esclusiva pi\u00f9 carceri in Sardegna a questo regime, trattando l\u2019isola come un deposito dei problemi del resto del Paese. Non vogliamo scontare il fatto di essere un\u2019isola. Questa \u00e8 una profonda ingiustizia che denunciamo con forza\u201d.<\/p>\n\n\n\n<p>Al centro anche il tema della funzione della pena e del diritto alla prossimit\u00e0.<\/p>\n\n\n\n<p>\u201cLa pena deve essere scontata in prossimit\u00e0. \u00c8 un principio che richiama direttamente la funzione rieducativa prevista dalla Costituzione, quella della seconda occasione. Un carcere interamente dedicato al 41 bis andrebbe in direzione opposta, negando questo diritto e isolando ulteriormente i detenuti dai loro contesti\u201d.<\/p>\n\n\n\n<p>Todde ha infine sottolineato la necessit\u00e0 di un confronto istituzionale reale, anche alla luce delle diverse posizioni emerse a livello politico.<\/p>\n\n\n\n<p>\u201cQuello che chiediamo \u00e8 una leale collaborazione vera, non decisioni unilaterali. Non accetteremo che la Sardegna venga ancora una volta considerata un\u2019isola carcere per scelte prese altrove\u201d, conclude la Presidente. Com<\/p>\n","protected":false},"excerpt":{"rendered":"<p>Nuoro, 27 Apr 2026- La Presidente della Regione Sardegna Alessandra Todde ha visitato oggi il carcere di Badu \u2019e Carros a Nuoro, insieme al sindaco&#8230;<\/p>\n","protected":false},"author":2,"featured_media":272020,"comment_status":"closed","ping_status":"open","sticky":false,"template":"","format":"standard","meta":[],"categories":[49,52],"tags":[],"_links":{"self":[{"href":"https:\/\/www.cronacaonline.it\/index.php\/wp-json\/wp\/v2\/posts\/272017"}],"collection":[{"href":"https:\/\/www.cronacaonline.it\/index.php\/wp-json\/wp\/v2\/posts"}],"about":[{"href":"https:\/\/www.cronacaonline.it\/index.php\/wp-json\/wp\/v2\/types\/post"}],"author":[{"embeddable":true,"href":"https:\/\/www.cronacaonline.it\/index.php\/wp-json\/wp\/v2\/users\/2"}],"replies":[{"embeddable":true,"href":"https:\/\/www.cronacaonline.it\/index.php\/wp-json\/wp\/v2\/comments?post=272017"}],"version-history":[{"count":1,"href":"https:\/\/www.cronacaonline.it\/index.php\/wp-json\/wp\/v2\/posts\/272017\/revisions"}],"predecessor-version":[{"id":272021,"href":"https:\/\/www.cronacaonline.it\/index.php\/wp-json\/wp\/v2\/posts\/272017\/revisions\/272021"}],"wp:featuredmedia":[{"embeddable":true,"href":"https:\/\/www.cronacaonline.it\/index.php\/wp-json\/wp\/v2\/media\/272020"}],"wp:attachment":[{"href":"https:\/\/www.cronacaonline.it\/index.php\/wp-json\/wp\/v2\/media?parent=272017"}],"wp:term":[{"taxonomy":"category","embeddable":true,"href":"https:\/\/www.cronacaonline.it\/index.php\/wp-json\/wp\/v2\/categories?post=272017"},{"taxonomy":"post_tag","embeddable":true,"href":"https:\/\/www.cronacaonline.it\/index.php\/wp-json\/wp\/v2\/tags?post=272017"}],"curies":[{"name":"wp","href":"https:\/\/api.w.org\/{rel}","templated":true}]}}