{"id":272011,"date":"2026-04-27T17:40:59","date_gmt":"2026-04-27T15:40:59","guid":{"rendered":"https:\/\/www.cronacaonline.it\/?p=272011"},"modified":"2026-04-27T17:41:09","modified_gmt":"2026-04-27T15:41:09","slug":"firmato-a-cagliari-il-protocollo-dintesa-forest-bathing","status":"publish","type":"post","link":"https:\/\/www.cronacaonline.it\/index.php\/2026\/04\/27\/firmato-a-cagliari-il-protocollo-dintesa-forest-bathing\/","title":{"rendered":"Firmato a Cagliari il protocollo d&#8217;intesa Forest Bathing."},"content":{"rendered":"\n<p>Cagliari, 27 Apr 2026 - Sottoscritto oggi, luned\u00ec 27 aprile 2026, dai rappresentanti del Comune di Cagliari e del Csen il protocollo d\u2019intesa sulle attivit\u00e0 di valorizzazione del verde pubblico e promozione della tutela ambientale, attraverso pratiche di benessere psico fisico e prevenzione della salute.<\/p>\n\n\n\n<p>Il documento, siglato dall'assessora all\u2019Ecologia urbana, Ambiente e Verde Pubblico, Luisa Giua Marassi e dal Responsabile Nazionale Forest Bathing dell\u2019ente di promozione sportiva CSEN, Andrea Mariotti, finalizza la deliberazione di Giunta Comunale approvata nello scorso mese di marzo proprio sul Forest Bathing.<\/p>\n\n\n\n<p>\u201cL\u2019Amministrazione \u2013 il commento dell'assessora Giua Marassi - prosegue convintamente con le attivit\u00e0 di promozione e sensibilizzazione sulla fruizione del patrimonio verde cittadino. La collaborazione con CSEN durer\u00e0 tre anni, rinnovabili, durante i quali \u00e8 prevista la realizzazione di ulteriori percorsi nei nostri parchi, oltre a quello di Monte Urpinu, dedicati alla pratica del Forest Bathing, un'attivit\u00e0 che contribuisce a favorire il benessere psicofisico dei cittadini e delle cittadine, anche nell\u2019ottica della prevenzione della salute\u201d. Com<\/p>\n","protected":false},"excerpt":{"rendered":"<p>Cagliari, 27 Apr 2026 &#8211; Sottoscritto oggi, luned\u00ec 27 aprile 2026, dai rappresentanti del Comune di Cagliari e del Csen il protocollo d\u2019intesa sulle attivit\u00e0&#8230;<\/p>\n","protected":false},"author":2,"featured_media":272012,"comment_status":"closed","ping_status":"open","sticky":false,"template":"","format":"standard","meta":[],"categories":[49,53],"tags":[],"_links":{"self":[{"href":"https:\/\/www.cronacaonline.it\/index.php\/wp-json\/wp\/v2\/posts\/272011"}],"collection":[{"href":"https:\/\/www.cronacaonline.it\/index.php\/wp-json\/wp\/v2\/posts"}],"about":[{"href":"https:\/\/www.cronacaonline.it\/index.php\/wp-json\/wp\/v2\/types\/post"}],"author":[{"embeddable":true,"href":"https:\/\/www.cronacaonline.it\/index.php\/wp-json\/wp\/v2\/users\/2"}],"replies":[{"embeddable":true,"href":"https:\/\/www.cronacaonline.it\/index.php\/wp-json\/wp\/v2\/comments?post=272011"}],"version-history":[{"count":1,"href":"https:\/\/www.cronacaonline.it\/index.php\/wp-json\/wp\/v2\/posts\/272011\/revisions"}],"predecessor-version":[{"id":272013,"href":"https:\/\/www.cronacaonline.it\/index.php\/wp-json\/wp\/v2\/posts\/272011\/revisions\/272013"}],"wp:featuredmedia":[{"embeddable":true,"href":"https:\/\/www.cronacaonline.it\/index.php\/wp-json\/wp\/v2\/media\/272012"}],"wp:attachment":[{"href":"https:\/\/www.cronacaonline.it\/index.php\/wp-json\/wp\/v2\/media?parent=272011"}],"wp:term":[{"taxonomy":"category","embeddable":true,"href":"https:\/\/www.cronacaonline.it\/index.php\/wp-json\/wp\/v2\/categories?post=272011"},{"taxonomy":"post_tag","embeddable":true,"href":"https:\/\/www.cronacaonline.it\/index.php\/wp-json\/wp\/v2\/tags?post=272011"}],"curies":[{"name":"wp","href":"https:\/\/api.w.org\/{rel}","templated":true}]}}