{"id":271989,"date":"2026-04-27T11:47:37","date_gmt":"2026-04-27T09:47:37","guid":{"rendered":"https:\/\/www.cronacaonline.it\/?p=271989"},"modified":"2026-04-27T11:47:40","modified_gmt":"2026-04-27T09:47:40","slug":"ambiente-contributi-ai-comuni-per-tutela-e-valorizzazione-del-patrimonio-carsico-e-speleologico","status":"publish","type":"post","link":"https:\/\/www.cronacaonline.it\/index.php\/2026\/04\/27\/ambiente-contributi-ai-comuni-per-tutela-e-valorizzazione-del-patrimonio-carsico-e-speleologico\/","title":{"rendered":"Ambiente: contributi ai Comuni per tutela e valorizzazione del patrimonio carsico e speleologico."},"content":{"rendered":"\n<p>Cagliari, 27 Apr 2026\u00a0- Approvata la programmazione delle risorse destinate a iniziative di studio, formazione, ricerca, esplorazione, tutela, valorizzazione e fruizione del patrimonio carsico e speleologico della Sardegna. Lo ha stabilito l'assessora della Difesa dell'Ambiente Rosanna Laconi.<\/p>\n\n\n\n<p>Il provvedimento riguarda i capitoli dedicati alla conservazione e valorizzazione del patrimonio speleologico e carsico regionale: 350.000 euro per trasferimenti agli Enti locali e 380.000 euro per investimenti destinati alla valorizzazione, messa in sicurezza e adeguamento delle grotte e dei sistemi carsici. Le risorse saranno assegnate ai Comuni attraverso un Avviso pubblico predisposto dal Servizio Tutela della natura e politiche forestali della Direzione generale della Difesa dell'Ambiente.<\/p>\n\n\n\n<p>\"Il patrimonio carsico e speleologico della Sardegna esprime un valore complesso, che intreccia dimensioni ambientali, scientifiche e culturali. La delibera va nella direzione di sostenere i Comuni nel lavoro di studio, salvaguardia e valorizzazione, favorendo una fruizione che sia compatibile con la tutela e capace di coinvolgere le comunit\u00e0 locali.\" Sottolinea l\u2019assessora Rosanna Laconi.<\/p>\n\n\n\n<p>La programmazione d\u00e0 continuit\u00e0 al percorso gi\u00e0 avviato con le deliberazioni del 2024 e del 2025, che hanno consentito di finanziare iniziative comunali volte ad approfondire la conoscenza dei sistemi di grotta e dei sistemi carsici, a salvaguardare il capitale naturale di particolare interesse ambientale, paesaggistico e scientifico, e a svilupparne le potenzialit\u00e0 in ambito culturale, didattico, turistico e scientifico. Tra i criteri di priorit\u00e0 per l'assegnazione dei contributi figurano il cofinanziamento da parte del soggetto attuatore, la priorit\u00e0 ai Comuni con minore popolazione residente e il riconoscimento del sito come Monumento naturale, geosito UNESCO o altro riconoscimento anche in fase di candidatura. Tra i criteri specifici sono previste misure per la messa in sicurezza, la riduzione dei rischi, il miglioramento dell'accessibilit\u00e0, la tutela della fauna cavernicola, la prevenzione di furti e danneggiamenti, la regolamentazione degli accessi, le attivit\u00e0 di studio e ricerca, gli interventi su grotte marine o di miniera, il coinvolgimento di scuole, CEAS e associazioni speleologiche.<\/p>\n\n\n\n<p>\"L'attenzione \u00e8 rivolta a proposte credibili, ancorate ai contesti locali e in grado di tenere insieme protezione dei luoghi e qualit\u00e0 dell'esperienza. Non c'\u00e8 valorizzazione senza sicurezza, sostenibilit\u00e0 e conoscenza: \u00e8 da questo punto di equilibrio che prende forma l'intervento pubblico.\" Ha detto ancora l\u2019assessora Laconi.<\/p>\n\n\n\n<p>Le risorse del 2027 potranno essere utilizzate per lo scorrimento della graduatoria delle proposte idonee non finanziabili nell'annualit\u00e0 in corso. Com<\/p>\n","protected":false},"excerpt":{"rendered":"<p>Cagliari, 27 Apr 2026\u00a0&#8211; Approvata la programmazione delle risorse destinate a iniziative di studio, formazione, ricerca, esplorazione, tutela, valorizzazione e fruizione del patrimonio carsico e&#8230;<\/p>\n","protected":false},"author":2,"featured_media":271990,"comment_status":"closed","ping_status":"open","sticky":false,"template":"","format":"standard","meta":[],"categories":[49,52],"tags":[],"_links":{"self":[{"href":"https:\/\/www.cronacaonline.it\/index.php\/wp-json\/wp\/v2\/posts\/271989"}],"collection":[{"href":"https:\/\/www.cronacaonline.it\/index.php\/wp-json\/wp\/v2\/posts"}],"about":[{"href":"https:\/\/www.cronacaonline.it\/index.php\/wp-json\/wp\/v2\/types\/post"}],"author":[{"embeddable":true,"href":"https:\/\/www.cronacaonline.it\/index.php\/wp-json\/wp\/v2\/users\/2"}],"replies":[{"embeddable":true,"href":"https:\/\/www.cronacaonline.it\/index.php\/wp-json\/wp\/v2\/comments?post=271989"}],"version-history":[{"count":1,"href":"https:\/\/www.cronacaonline.it\/index.php\/wp-json\/wp\/v2\/posts\/271989\/revisions"}],"predecessor-version":[{"id":271991,"href":"https:\/\/www.cronacaonline.it\/index.php\/wp-json\/wp\/v2\/posts\/271989\/revisions\/271991"}],"wp:featuredmedia":[{"embeddable":true,"href":"https:\/\/www.cronacaonline.it\/index.php\/wp-json\/wp\/v2\/media\/271990"}],"wp:attachment":[{"href":"https:\/\/www.cronacaonline.it\/index.php\/wp-json\/wp\/v2\/media?parent=271989"}],"wp:term":[{"taxonomy":"category","embeddable":true,"href":"https:\/\/www.cronacaonline.it\/index.php\/wp-json\/wp\/v2\/categories?post=271989"},{"taxonomy":"post_tag","embeddable":true,"href":"https:\/\/www.cronacaonline.it\/index.php\/wp-json\/wp\/v2\/tags?post=271989"}],"curies":[{"name":"wp","href":"https:\/\/api.w.org\/{rel}","templated":true}]}}