{"id":271972,"date":"2026-04-26T10:36:28","date_gmt":"2026-04-26T08:36:28","guid":{"rendered":"https:\/\/www.cronacaonline.it\/?p=271972"},"modified":"2026-04-26T10:36:32","modified_gmt":"2026-04-26T08:36:32","slug":"arresto-dai-carabinieri-della-compagnia-di-carbonia-un-33enne-in-esecuzione-di-un-ordine-di-carcerazione-il-giovane-deve-scontare-due-anni-di-reclusione-in-regime-di-arresti-domiciliari-per-reato-c","status":"publish","type":"post","link":"https:\/\/www.cronacaonline.it\/index.php\/2026\/04\/26\/arresto-dai-carabinieri-della-compagnia-di-carbonia-un-33enne-in-esecuzione-di-un-ordine-di-carcerazione-il-giovane-deve-scontare-due-anni-di-reclusione-in-regime-di-arresti-domiciliari-per-reato-c\/","title":{"rendered":"Arresto dai Carabinieri della compagnia di Carbonia un 33enne in esecuzione di un ordine di carcerazione. Il giovane deve scontare due anni di reclusione, in regime di arresti domiciliari, per reato contro il patrimonio."},"content":{"rendered":"\n<p>Carbonia (CI) 26 Apr 2026 - Ieri sera, i Carabinieri della Compagni di Carbonia, hanno dato esecuzione ad un\u2019ordinanza di carcerazione per espiazione di pena detentiva, emessa dal Tribunale di Cagliari nei confronti di un 33enne del luogo, disoccupato, gi\u00e0 noto alle forze di polizia.<\/p>\n\n\n\n<p>L\u2019uomo dovr\u00e0 espiare una pena detentiva di quasi 2 anni di reclusione per una condanna relativa a reati contro il patrimonio, rapina e furti, commessi nell\u2019hinterland cagliaritano tra il 2017 ed il 2021. Pertanto, l\u2019uomo, dopo essere stato informato del provvedimento, \u00e8 stato trasferito presso la propria abitazione in regime di detenzione domiciliare.<\/p>\n\n\n\n<p>L\u2019intervento si inserisce nel pi\u00f9 ampio e costante impegno dei Carabinieri nel garantire l\u2019effettivit\u00e0 dei provvedimenti dell\u2019Autorit\u00e0 Giudiziaria e nel rafforzare le attivit\u00e0 di prevenzione e controllo del territorio, a tutela della sicurezza della collettivit\u00e0.<\/p>\n","protected":false},"excerpt":{"rendered":"<p>Carbonia (CI) 26 Apr 2026 &#8211; Ieri sera, i Carabinieri della Compagni di Carbonia, hanno dato esecuzione ad un\u2019ordinanza di carcerazione per espiazione di pena&#8230;<\/p>\n","protected":false},"author":2,"featured_media":11839,"comment_status":"closed","ping_status":"open","sticky":false,"template":"","format":"standard","meta":[],"categories":[49,55],"tags":[],"_links":{"self":[{"href":"https:\/\/www.cronacaonline.it\/index.php\/wp-json\/wp\/v2\/posts\/271972"}],"collection":[{"href":"https:\/\/www.cronacaonline.it\/index.php\/wp-json\/wp\/v2\/posts"}],"about":[{"href":"https:\/\/www.cronacaonline.it\/index.php\/wp-json\/wp\/v2\/types\/post"}],"author":[{"embeddable":true,"href":"https:\/\/www.cronacaonline.it\/index.php\/wp-json\/wp\/v2\/users\/2"}],"replies":[{"embeddable":true,"href":"https:\/\/www.cronacaonline.it\/index.php\/wp-json\/wp\/v2\/comments?post=271972"}],"version-history":[{"count":1,"href":"https:\/\/www.cronacaonline.it\/index.php\/wp-json\/wp\/v2\/posts\/271972\/revisions"}],"predecessor-version":[{"id":271973,"href":"https:\/\/www.cronacaonline.it\/index.php\/wp-json\/wp\/v2\/posts\/271972\/revisions\/271973"}],"wp:featuredmedia":[{"embeddable":true,"href":"https:\/\/www.cronacaonline.it\/index.php\/wp-json\/wp\/v2\/media\/11839"}],"wp:attachment":[{"href":"https:\/\/www.cronacaonline.it\/index.php\/wp-json\/wp\/v2\/media?parent=271972"}],"wp:term":[{"taxonomy":"category","embeddable":true,"href":"https:\/\/www.cronacaonline.it\/index.php\/wp-json\/wp\/v2\/categories?post=271972"},{"taxonomy":"post_tag","embeddable":true,"href":"https:\/\/www.cronacaonline.it\/index.php\/wp-json\/wp\/v2\/tags?post=271972"}],"curies":[{"name":"wp","href":"https:\/\/api.w.org\/{rel}","templated":true}]}}