{"id":271936,"date":"2026-04-25T07:58:49","date_gmt":"2026-04-25T05:58:49","guid":{"rendered":"https:\/\/www.cronacaonline.it\/?p=271936"},"modified":"2026-04-25T07:58:52","modified_gmt":"2026-04-25T05:58:52","slug":"25-aprile-mattarella-la-resistenza-e-latto-di-nascita-della-nostra-democrazia-tutti-i-cortei-celebrazioni-in-tutta-italia-alle-9-la-cerimonia-allaltare-della-patria-con-le-istituzioni","status":"publish","type":"post","link":"https:\/\/www.cronacaonline.it\/index.php\/2026\/04\/25\/25-aprile-mattarella-la-resistenza-e-latto-di-nascita-della-nostra-democrazia-tutti-i-cortei-celebrazioni-in-tutta-italia-alle-9-la-cerimonia-allaltare-della-patria-con-le-istituzioni\/","title":{"rendered":"25 aprile, Mattarella: &#8220;La Resistenza \u00e8 l&#8217;atto di nascita della nostra democrazia&#8221;. Tutti i cortei. Celebrazioni in tutta Italia. Alle 9 la cerimonia all&#8217;Altare della Patria con le istituzioni.\u00a0"},"content":{"rendered":"\n<p>Roma, 25 Apr 2026 - Nell'anniversario della Liberazione dal nazifascismo, il presidente della Repubblica attualizza la Resistenza attaccando le guerre e la violazione del diritto internazionale:\u00a0\u201cLa\u00a0lotta di Liberazione\u00a0\u00e8 una pagina fondante della storia repubblicana, la\u00a0legge del pi\u00f9 forte\u00a0genera barbarie\u201d. Cos\u00ec il\u00a0presidente della Repubblica Sergio Mattarella, in occasione del\u00a025 aprile, ricorda che\u00a0la Resistenza \u00e8 \"l'atto di nascita della nostra democrazia.\u00a0<\/p>\n\n\n\n<p>Il&nbsp;25 aprile&nbsp;rappresenta la data in cui l'Italia celebra la&nbsp;fine dell'occupazione nazista&nbsp;e la&nbsp;caduta del regime fascista&nbsp;al termine della seconda guerra mondiale, ma anche la vittoriosa lotta di popolo contro il nazifascismo. In occasione dell'81esimo anniversario della Liberazione, il presidente della Repubblica ha incontrato al Quirinale i rappresentanti delle&nbsp;associazioni dei combattenti: \"Custodi della memoria, siete testimoni di una storia che non \u00e8 materia per archivi ma perennemente vivente\", ha detto.<\/p>\n\n\n\n<p>Dopo la cerimonia all'Altare della Patria, il presidente della Repubblica&nbsp;Sergio Mattarella, che fin dal suo primo mandato ha iniziato una sorta di viaggio nei luoghi della memoria della lotta partigiana e della Resistenza, toccando Vittorio Veneto (2019), Varallo Sesia (2016), Civitella Val di Chiana (2024) e, l'anno scorso, Genova, sar\u00e0 nelle&nbsp;Marche, a San Severino, citt\u00e0 medaglia d'oro al merito civile, citt\u00e0 segnata da otto stragi nazifasciste e dal sacrificio della popolazione civile che nascose e sfam\u00f2 centinaia di ebrei perseguitati. Un posto, ha osservato ieri il presidente, ricevendo al Quirinale le associazioni combattentistiche e d'arma, che \"come molte realt\u00e0 del nostro paese rappresenta un luogo simbolico della Resistenza\".<\/p>\n\n\n\n<p>Alle 9, all'Altare della Patria a Roma il presidente della Repubblica&nbsp;Sergio Mattarella, la presidente del Consiglio&nbsp;Giorgia Meloni, i presidenti di Senato e Camera&nbsp;Ignazio La Russa e Lorenzo Fontana&nbsp;partecipano alla cerimonia della deposizione di una corona d'alloro al monumento che ricorda i caduti.<\/p>\n\n\n\n<p>Il vicepremier e segretario di Forza Italia&nbsp;Antonio Tajani&nbsp;sar\u00e0 prima alle Fosse Ardeatine, dove deporr\u00e0 una corona al Mausoleo in ricordo delle 355 vittime della strage nazi-fascista, e poi a Ferentino, dove render\u00e0 omaggio al monumento ai caduti. L\u00ec una lapide ricorda anche la figura di don Giuseppe Morosini, cappellano militare unitosi alla Resistenza e fucilato a Forte Bravetta il 3 aprile del 1944.<\/p>\n\n\n\n<p>In tutta Italia celebrazioni per l'81mo anniversario della Liberazione dal Nazifascismo. A Roma, Milano, Bologna, Firenze e in molte altre citt\u00e0 sono in programma i tradizionali cortei promossi dall'Anpi, dove non mancheranno riferimenti alle guerre in Medio Oriente e al dramma di Gaza, ma sono state annunciate anche iniziative della galassia antagonista.<\/p>\n\n\n\n<p>A&nbsp;Roma&nbsp;la giornata si aprir\u00e0 alle 8.30 con l'omaggio alle Fosse Ardeatine promosso dall'Associazione nazionale partigiani italiani. Dalle 9.30 il Parco Schuster ospiter\u00e0 arte, musica e teatro, mentre alle 10 \u00e8 previsto un secondo omaggio al Parco della Resistenza dell'8 settembre. Alle 10.30 il concentramento a Porta San Paolo, seguito alle 11 dall'omaggio al Memoriale della Resistenza e dalla partenza del corteo verso il Parco Schuster. A mezzogiorno saluti istituzionali e comizio, quindi dalle 13 la festa della Liberazione. Nella Capitale scenderanno in strada anche le Reti di studenti e movimenti, insieme alle realt\u00e0 pro Palestina per una mobilitazione \"antifascista, antisionista e antimperialista\" contro guerre e riarmo: il preconcentramento \u00e8 in programma alle 8.30 sotto la Fao, poi il corteo verso l'ambasciata di Cuba e il trasferimento a Porta San Paolo. \"Resistere all'imperialismo, opporsi al riarmo. In programma anche un'iniziativa al Quarticciolo. &nbsp; &nbsp;&nbsp;<\/p>\n\n\n\n<p>La manifestazione nazionale dell'Anpi si terr\u00e0 a&nbsp;Milano&nbsp;con la partecipazione del presidente Gianfranco Pagliarulo e della leader dem, Elly Schlein: alle 14 il concentramento in corso Venezia seguito dal corteo verso piazza Duomo in cui dovrebbe sfilare anche la Brigata ebraica insieme a iraniani, ucraini, l'associazione dei Russi liberi con bielorussi e georgiani che si oppongono ai loro governi. Ci sono timori per uno spezzone di gruppi pacifisti che si separer\u00e0 dal corteo organizzato dall'Anpi per concludere la manifestazione in Piazza San Fedele e non in Duomo: il sindaco Giuseppe Sala ha avvertito che sar\u00e0 \"una giornata delicata\". &nbsp;&nbsp;<\/p>\n\n\n\n<p>A&nbsp;Bologna&nbsp;alle 9.30 verr\u00e0 deposta una corona alla lapide dei Caduti in Guerra nel Chiostro della Basilica di Santo Stefano. Alle 10.15, in piazza Nettuno, alzabandiera con picchetto militare d'onore e deposizione di una corona al Sacrario dei Caduti Partigiani con il sindaco, Matteo Lepore, la presidente dell'Anpi provinciale, Anna Cocchi, e il presidente della Regione Emilia-Romagna, Michele de Pascale. Alle 11.30 ci sar\u00e0 l'esibizione musicale dei Modena City Ramblers e alle 12, nel giardino di Villa Cassarini in porta Saragozza, la deposizione di una corona alla lapide in ricordo delle vittime omosessuali del nazifascismo. &nbsp;Sempre a Bologna \u00e8 stato annunciato un corteo dell'area antagonista che la mattina del 25 aprile attraverser\u00e0 le strade della Bolognina. Con lo slogan 'Resistenza contro guerra, imperialismo e governo Meloni', il Laboratorio Crash ha dato appuntamento alle 10 in piazza dell'Unit\u00e0 per un corteo che passer\u00e0 per via Stalingrado, via Mascarella e via dei Mille per poi concludersi alla stazione centrale, in piazza delle Medaglie d'oro. &nbsp;&nbsp;<\/p>\n\n\n\n<p>A&nbsp;Firenze&nbsp;alle 8 si terr\u00e0 una cerimonia al cimitero di Trespiano in ricordo della partigiana Gilda La Rocca. Alle 9,45 verr\u00e0 scoperta una lapide in memoria della 'Resistenza senza armi' degli Internati Militari italiani. Alle 11 la cerimonia sull'arengario di Palazzo Vecchio in Piazza della Signoria. Alle 17.30 ci sar\u00e0 il concerto della Filarmonica Gioacchino Rossini sull'arengario di Palazzo Vecchio. &nbsp;&nbsp;<\/p>\n\n\n\n<p>A&nbsp;Trieste&nbsp;\u00e8 in programma una cerimonia alla Risiera di San Sabba alla presenza delle autorit\u00e0 civili, militari e religiose. Al termine il tradizionale concerto Canzoni, parole e fiori per il 25 aprile a cura del Coro partigiano triestino.<\/p>\n\n\n\n<p>Iniziative, cortei e presidi per il 25 aprile a&nbsp;Napoli. Il primo appuntamento \u00e8 alle ore 9.30 in largo Berlinguer, con la lettura degli articoli della Costituzione, appuntamento che si rinnova per il terzo anno consecutivo e al quale parteciperanno rappresentanti dell'Anpi e i segretari generali di Cgil, Cisl e Uil Napoli Nicola Ricci, Melicia Comberiati e Giovanni Sgambati. Sono stati invitati il presidente della Regione Campania e del Consiglio regionale, Roberto Fico e Massimiliano Manfredi, il sindaco e la presidente del Consiglio comunale di Napoli, Gaetano Manfredi ed Enza Amato. Alle 11 in piazza Garibaldi partir\u00e0 lo spezzone del corteo \"No Kings\" che da Porta Capuana raggiunger\u00e0 piazza Plebiscito dove, dalle 14 alle 16, ci sar\u00e0 un presidio promosso dall\u2019Anpi Napoli insieme ad associazioni, movimenti e la Cgil per esprimere \"la contrariet\u00e0 al Decreto Sicurezza, difendere la Costituzione e chiedere lo scioglimento di CasaPound e delle formazioni neofasciste\".<\/p>\n","protected":false},"excerpt":{"rendered":"<p>Roma, 25 Apr 2026 &#8211; Nell&#8217;anniversario della Liberazione dal nazifascismo, il presidente della Repubblica attualizza la Resistenza attaccando le guerre e la violazione del diritto&#8230;<\/p>\n","protected":false},"author":2,"featured_media":271937,"comment_status":"closed","ping_status":"open","sticky":false,"template":"","format":"standard","meta":[],"categories":[49,50],"tags":[],"_links":{"self":[{"href":"https:\/\/www.cronacaonline.it\/index.php\/wp-json\/wp\/v2\/posts\/271936"}],"collection":[{"href":"https:\/\/www.cronacaonline.it\/index.php\/wp-json\/wp\/v2\/posts"}],"about":[{"href":"https:\/\/www.cronacaonline.it\/index.php\/wp-json\/wp\/v2\/types\/post"}],"author":[{"embeddable":true,"href":"https:\/\/www.cronacaonline.it\/index.php\/wp-json\/wp\/v2\/users\/2"}],"replies":[{"embeddable":true,"href":"https:\/\/www.cronacaonline.it\/index.php\/wp-json\/wp\/v2\/comments?post=271936"}],"version-history":[{"count":1,"href":"https:\/\/www.cronacaonline.it\/index.php\/wp-json\/wp\/v2\/posts\/271936\/revisions"}],"predecessor-version":[{"id":271938,"href":"https:\/\/www.cronacaonline.it\/index.php\/wp-json\/wp\/v2\/posts\/271936\/revisions\/271938"}],"wp:featuredmedia":[{"embeddable":true,"href":"https:\/\/www.cronacaonline.it\/index.php\/wp-json\/wp\/v2\/media\/271937"}],"wp:attachment":[{"href":"https:\/\/www.cronacaonline.it\/index.php\/wp-json\/wp\/v2\/media?parent=271936"}],"wp:term":[{"taxonomy":"category","embeddable":true,"href":"https:\/\/www.cronacaonline.it\/index.php\/wp-json\/wp\/v2\/categories?post=271936"},{"taxonomy":"post_tag","embeddable":true,"href":"https:\/\/www.cronacaonline.it\/index.php\/wp-json\/wp\/v2\/tags?post=271936"}],"curies":[{"name":"wp","href":"https:\/\/api.w.org\/{rel}","templated":true}]}}