{"id":270612,"date":"2026-03-15T17:35:35","date_gmt":"2026-03-15T16:35:35","guid":{"rendered":"https:\/\/www.cronacaonline.it\/?p=270612"},"modified":"2026-03-15T17:35:41","modified_gmt":"2026-03-15T16:35:41","slug":"trasporti-continuita-territoriale-aerea-lassessore-barbara-manca-nessuna-penale-dovuta-per-il-cambio-volo-risolto-il-problema-tecnico-nel-sistema-di-prenotazione","status":"publish","type":"post","link":"https:\/\/www.cronacaonline.it\/index.php\/2026\/03\/15\/trasporti-continuita-territoriale-aerea-lassessore-barbara-manca-nessuna-penale-dovuta-per-il-cambio-volo-risolto-il-problema-tecnico-nel-sistema-di-prenotazione\/","title":{"rendered":"Trasporti, continuit\u00e0 territoriale aerea. L&#8217;assessore Barbara Manca: &#8220;nessuna penale dovuta per il cambio volo, risolto il problema tecnico nel sistema di prenotazione&#8221;."},"content":{"rendered":"\n<p>Cagliari, 15 Mar 2026 - In merito alle segnalazioni ricevute da alcuni utenti ed emerse sulla stampa riguardo all\u2019applicazione di penali per il cambio dei voli in regime di continuit\u00e0 territoriale, l\u2019Assessorato regionale dei Trasporti rassicura i cittadini: la questione era gi\u00e0 stata affrontata nel corso del Comitato di monitoraggio riunitosi venerd\u00ec 13 marzo ed \u00e8 stata nel frattempo risolta.\u00a0<\/p>\n\n\n\n<p>Nel corso dell\u2019incontro, Aeroitalia aveva spiegato che il problema era dovuto a un bug informatico nel sistema di prenotazione, che in alcuni casi aveva determinato l\u2019applicazione automatica di costi non dovuti per la modifica della data di viaggio. La compagnia ha quindi provveduto a intervenire sul sistema, risolvendo il malfunzionamento e ripristinando la corretta applicazione delle regole previste per i voli in continuit\u00e0 territoriale. Sul sito il problema era stato risolto gi\u00e0 da ieri pomeriggio. Anche sull\u2019app sono stati apportati tutti i correttivi e si attende che le modifiche vengano recepite dai sistemi operativi per dispositivi mobili.&nbsp;<\/p>\n\n\n\n<p>\u201cSiamo costantemente impegnati a verificare il pieno rispetto delle condizioni previste dal decreto ministeriale sulla continuit\u00e0 territoriale\u201d, sottolinea l\u2019assessora regionale dei Trasporti, Barbara Manca. \u201cPer questo esiste il Comitato di monitoraggio, che riunisce Regione, Ministero, ENAC e compagnie aeree proprio per intervenire tempestivamente ogni volta che emergono criticit\u00e0 operative\u201d.&nbsp;<\/p>\n\n\n\n<p>L\u2019assessora ricorda che per i passeggeri che viaggiano in continuit\u00e0 territoriale il cambio data del volo deve avvenire senza penali entro i termini previsti, come stabilito dalle regole tariffarie del sistema.&nbsp;<\/p>\n\n\n\n<p>\u201cL\u2019attenzione della Regione su questo tema \u00e8 costante - conclude l\u2019assessora - abbiamo chiesto ad Aeroitalia di intervenire immediatamente per correggere il sistema di prenotazione e garantire il pieno rispetto delle condizioni previste. Il problema \u00e8 stato risolto e eventuali somme pagate dai passeggeri in modo improprio saranno rimborsate\u201d. Red<\/p>\n","protected":false},"excerpt":{"rendered":"<p>Cagliari, 15 Mar 2026 &#8211; In merito alle segnalazioni ricevute da alcuni utenti ed emerse sulla stampa riguardo all\u2019applicazione di penali per il cambio dei&#8230;<\/p>\n","protected":false},"author":2,"featured_media":270096,"comment_status":"closed","ping_status":"open","sticky":false,"template":"","format":"standard","meta":[],"categories":[49,52],"tags":[],"_links":{"self":[{"href":"https:\/\/www.cronacaonline.it\/index.php\/wp-json\/wp\/v2\/posts\/270612"}],"collection":[{"href":"https:\/\/www.cronacaonline.it\/index.php\/wp-json\/wp\/v2\/posts"}],"about":[{"href":"https:\/\/www.cronacaonline.it\/index.php\/wp-json\/wp\/v2\/types\/post"}],"author":[{"embeddable":true,"href":"https:\/\/www.cronacaonline.it\/index.php\/wp-json\/wp\/v2\/users\/2"}],"replies":[{"embeddable":true,"href":"https:\/\/www.cronacaonline.it\/index.php\/wp-json\/wp\/v2\/comments?post=270612"}],"version-history":[{"count":1,"href":"https:\/\/www.cronacaonline.it\/index.php\/wp-json\/wp\/v2\/posts\/270612\/revisions"}],"predecessor-version":[{"id":270613,"href":"https:\/\/www.cronacaonline.it\/index.php\/wp-json\/wp\/v2\/posts\/270612\/revisions\/270613"}],"wp:featuredmedia":[{"embeddable":true,"href":"https:\/\/www.cronacaonline.it\/index.php\/wp-json\/wp\/v2\/media\/270096"}],"wp:attachment":[{"href":"https:\/\/www.cronacaonline.it\/index.php\/wp-json\/wp\/v2\/media?parent=270612"}],"wp:term":[{"taxonomy":"category","embeddable":true,"href":"https:\/\/www.cronacaonline.it\/index.php\/wp-json\/wp\/v2\/categories?post=270612"},{"taxonomy":"post_tag","embeddable":true,"href":"https:\/\/www.cronacaonline.it\/index.php\/wp-json\/wp\/v2\/tags?post=270612"}],"curies":[{"name":"wp","href":"https:\/\/api.w.org\/{rel}","templated":true}]}}