{"id":270608,"date":"2026-03-15T12:03:33","date_gmt":"2026-03-15T11:03:33","guid":{"rendered":"https:\/\/www.cronacaonline.it\/?p=270608"},"modified":"2026-03-15T12:03:37","modified_gmt":"2026-03-15T11:03:37","slug":"arrestato-un-34enne-per-maltrattamenti-in-famiglia-ai-danni-del-padre-dai-carabinieri-della-stazione-di-ca-villanova-bloccato-e-condotto-in-carcere","status":"publish","type":"post","link":"https:\/\/www.cronacaonline.it\/index.php\/2026\/03\/15\/arrestato-un-34enne-per-maltrattamenti-in-famiglia-ai-danni-del-padre-dai-carabinieri-della-stazione-di-ca-villanova-bloccato-e-condotto-in-carcere\/","title":{"rendered":"Arrestato un 34enne per maltrattamenti in famiglia ai danni del padre dai Carabinieri della Stazione di Ca-Villanova: bloccato e condotto in carcere."},"content":{"rendered":"\n<p>Cagliari, 15 Mar 2026 \u2013I i Carabinieri della Stazione di Cagliari Villanova, la notte scorsa, nel rispetto dei diritti delle persone coinvolte e della presunzione di innocenza, per quanto risulta allo stato e salvo ulteriori approfondimenti, stante la fase attuale delle indagini preliminari, hanno dato esecuzione a un\u2019ordinanza di custodia cautelare in carcere, emessa dal Giudice per le Indagini Preliminari del Tribunale di Cagliari, nei confronti di un 34enne residente nel capoluogo e gi\u00e0 noto alle Forze di Polizia.<\/p>\n\n\n\n<p>Il provvedimento restrittivo scaturisce dagli esiti dell'attivit\u00e0 investigativa, a seguito della quale sono emersi gravi indizi a carico dell'uomo. Secondo quanto ricostruito, il 34enne si sarebbe reso responsabile di reiterati maltrattamenti in ambito domestico ai danni del padre. Tali condotte vessatorie avrebbero generato una situazione di profondo disagio e un perdurante stato di timore per l'incolumit\u00e0 del genitore, rendendo necessario e urgente l'intervento dell'Autorit\u00e0 Giudiziaria per porre fine alle dinamiche violente.<\/p>\n\n\n\n<p>Il giovane, una volta rintracciato dai militari, \u00e8 stato accompagnato in caserma e, terminate le formalit\u00e0 di rito, l'arrestato \u00e8 stato tradotto presso la Casa Circondariale \"Ettore Scalas\" di Uta, dove rimarr\u00e0 a disposizione dell'Autorit\u00e0 Giudiziaria competente.<\/p>\n\n\n\n<p>L\u2019intervento odierno s\u2019inserisce nel costante e quotidiano impegno dell\u2019Arma dei Carabinieri nel contrasto ai reati riconducibili alla violenza domestica e intrafamiliare.<\/p>\n\n\n\n<p>La capillare presenza sul territorio, unita alla tempestivit\u00e0 dell'azione investigativa e di controllo, continua a rappresentare uno strumento fondamentale per tutelare le persone pi\u00f9 vulnerabili, interrompere tempestivamente situazioni di pericolo e garantire la sicurezza e la serenit\u00e0 della comunit\u00e0.<\/p>\n","protected":false},"excerpt":{"rendered":"<p>Cagliari, 15 Mar 2026 \u2013I i Carabinieri della Stazione di Cagliari Villanova, la notte scorsa, nel rispetto dei diritti delle persone coinvolte e della presunzione&#8230;<\/p>\n","protected":false},"author":2,"featured_media":202621,"comment_status":"closed","ping_status":"open","sticky":false,"template":"","format":"standard","meta":[],"categories":[49,55],"tags":[],"_links":{"self":[{"href":"https:\/\/www.cronacaonline.it\/index.php\/wp-json\/wp\/v2\/posts\/270608"}],"collection":[{"href":"https:\/\/www.cronacaonline.it\/index.php\/wp-json\/wp\/v2\/posts"}],"about":[{"href":"https:\/\/www.cronacaonline.it\/index.php\/wp-json\/wp\/v2\/types\/post"}],"author":[{"embeddable":true,"href":"https:\/\/www.cronacaonline.it\/index.php\/wp-json\/wp\/v2\/users\/2"}],"replies":[{"embeddable":true,"href":"https:\/\/www.cronacaonline.it\/index.php\/wp-json\/wp\/v2\/comments?post=270608"}],"version-history":[{"count":1,"href":"https:\/\/www.cronacaonline.it\/index.php\/wp-json\/wp\/v2\/posts\/270608\/revisions"}],"predecessor-version":[{"id":270609,"href":"https:\/\/www.cronacaonline.it\/index.php\/wp-json\/wp\/v2\/posts\/270608\/revisions\/270609"}],"wp:featuredmedia":[{"embeddable":true,"href":"https:\/\/www.cronacaonline.it\/index.php\/wp-json\/wp\/v2\/media\/202621"}],"wp:attachment":[{"href":"https:\/\/www.cronacaonline.it\/index.php\/wp-json\/wp\/v2\/media?parent=270608"}],"wp:term":[{"taxonomy":"category","embeddable":true,"href":"https:\/\/www.cronacaonline.it\/index.php\/wp-json\/wp\/v2\/categories?post=270608"},{"taxonomy":"post_tag","embeddable":true,"href":"https:\/\/www.cronacaonline.it\/index.php\/wp-json\/wp\/v2\/tags?post=270608"}],"curies":[{"name":"wp","href":"https:\/\/api.w.org\/{rel}","templated":true}]}}