{"id":270588,"date":"2026-03-14T10:23:05","date_gmt":"2026-03-14T09:23:05","guid":{"rendered":"https:\/\/www.cronacaonline.it\/?p=270588"},"modified":"2026-03-14T10:23:08","modified_gmt":"2026-03-14T09:23:08","slug":"sorpreso-a-rubare-in-unauto-aggredisce-i-carabinieri-denunciato-un-29enne-dai-carabinieri-dellaliquota-radiomobile-del-comando-provinciale-di-cagliari","status":"publish","type":"post","link":"https:\/\/www.cronacaonline.it\/index.php\/2026\/03\/14\/sorpreso-a-rubare-in-unauto-aggredisce-i-carabinieri-denunciato-un-29enne-dai-carabinieri-dellaliquota-radiomobile-del-comando-provinciale-di-cagliari\/","title":{"rendered":"Sorpreso a rubare in un\u2019auto aggredisce i Carabinieri: denunciato un 29enne dai Carabinieri dell\u2019Aliquota Radiomobile del comando provinciale di Cagliari."},"content":{"rendered":"\n<p>Cagliari, 14 Mar 2026 \u2013 La notte scorsa, i Carabinieri della Sezione Radiomobile del Comando Provinciale di Cagliari, hanno deferito in stato di libert\u00e0 un 29enne di origini algerine, senza fissa dimora, disoccupato e gi\u00e0 noto alle Forze di Polizia, ritenuto responsabile dei reati di furto aggravato, violenza o minaccia e resistenza a pubblico ufficiale.<\/p>\n\n\n\n<p>L\u2019intervento \u00e8 scattato a seguito della segnalazione di un cittadino al NUE 112, il quale aveva notato un uomo intento a frugare all\u2019interno di un\u2019autovettura lasciata in sosta lungo la pubblica via. I militari, impegnati nei consueti servizi di controllo del territorio, hanno raggiunto rapidamente l\u2019area indicata, riuscendo a rintracciare il sospettato a breve distanza dal veicolo oggetto del raid.<\/p>\n\n\n\n<p>Sottoposto a perquisizione sul posto, l\u2019uomo \u00e8 stato trovato in possesso di un portafoglio che, dai successivi riscontri, \u00e8 risultato essere stato rubato poco prima dall\u2019abitacolo dell\u2019auto segnalata. E durante le fasi necessarie all\u2019identificazione, il giovane ha improvvisamente mutato atteggiamento, iniziando a inveire con violenza contro i militari, rivolgendo loro minacce e opponendo attiva resistenza fisica con spintoni nel tentativo di impedire le operazioni. La prontezza dei Carabinieri ha consentito di contenere l\u2019esagitato e di porlo definitivamente in sicurezza.<\/p>\n\n\n\n<p>Epilogo positivo della vicenda \u00e8 stata la restituzione del portafoglio al legittimo proprietario, che ha potuto cos\u00ec rientrare in possesso dei propri documenti e valori, mentre per il giovane \u00e8 stato denunciato all\u2019Autorit\u00e0 Giudiziaria, alla quale l'uomo dovr\u00e0 ora rispondere delle condotte contestate.<\/p>\n\n\n\n<p>L\u2019operazione si inserisce nel quadro delle quotidiane attivit\u00e0 di prevenzione e presidio del territorio svolte dall\u2019Arma dei Carabinieri, finalizzate a garantire una risposta rapida ed efficace alle esigenze di sicurezza della comunit\u00e0 cittadini, a contrastare i reati predatori e a tutelare la serenit\u00e0 dei cittadini anche nelle ore notturne.<\/p>\n","protected":false},"excerpt":{"rendered":"<p>Cagliari, 14 Mar 2026 \u2013 La notte scorsa, i Carabinieri della Sezione Radiomobile del Comando Provinciale di Cagliari, hanno deferito in stato di libert\u00e0 un&#8230;<\/p>\n","protected":false},"author":2,"featured_media":260881,"comment_status":"closed","ping_status":"open","sticky":false,"template":"","format":"standard","meta":[],"categories":[49,55],"tags":[],"_links":{"self":[{"href":"https:\/\/www.cronacaonline.it\/index.php\/wp-json\/wp\/v2\/posts\/270588"}],"collection":[{"href":"https:\/\/www.cronacaonline.it\/index.php\/wp-json\/wp\/v2\/posts"}],"about":[{"href":"https:\/\/www.cronacaonline.it\/index.php\/wp-json\/wp\/v2\/types\/post"}],"author":[{"embeddable":true,"href":"https:\/\/www.cronacaonline.it\/index.php\/wp-json\/wp\/v2\/users\/2"}],"replies":[{"embeddable":true,"href":"https:\/\/www.cronacaonline.it\/index.php\/wp-json\/wp\/v2\/comments?post=270588"}],"version-history":[{"count":1,"href":"https:\/\/www.cronacaonline.it\/index.php\/wp-json\/wp\/v2\/posts\/270588\/revisions"}],"predecessor-version":[{"id":270589,"href":"https:\/\/www.cronacaonline.it\/index.php\/wp-json\/wp\/v2\/posts\/270588\/revisions\/270589"}],"wp:featuredmedia":[{"embeddable":true,"href":"https:\/\/www.cronacaonline.it\/index.php\/wp-json\/wp\/v2\/media\/260881"}],"wp:attachment":[{"href":"https:\/\/www.cronacaonline.it\/index.php\/wp-json\/wp\/v2\/media?parent=270588"}],"wp:term":[{"taxonomy":"category","embeddable":true,"href":"https:\/\/www.cronacaonline.it\/index.php\/wp-json\/wp\/v2\/categories?post=270588"},{"taxonomy":"post_tag","embeddable":true,"href":"https:\/\/www.cronacaonline.it\/index.php\/wp-json\/wp\/v2\/tags?post=270588"}],"curies":[{"name":"wp","href":"https:\/\/api.w.org\/{rel}","templated":true}]}}