{"id":270573,"date":"2026-03-13T15:40:05","date_gmt":"2026-03-13T14:40:05","guid":{"rendered":"https:\/\/www.cronacaonline.it\/?p=270573"},"modified":"2026-03-13T15:40:07","modified_gmt":"2026-03-13T14:40:07","slug":"universita-di-cagliari-inaugurato-il-405-anno-accademico-dedicato-allesplorazione-delluniverso-todde-con-leinstein-telescope-la-sardegna-guarda-al-futuro","status":"publish","type":"post","link":"https:\/\/www.cronacaonline.it\/index.php\/2026\/03\/13\/universita-di-cagliari-inaugurato-il-405-anno-accademico-dedicato-allesplorazione-delluniverso-todde-con-leinstein-telescope-la-sardegna-guarda-al-futuro\/","title":{"rendered":"Universit\u00e0 di Cagliari, inaugurato il 405\u00b0 anno accademico dedicato all\u2019esplorazione dell\u2019universo. Todde: \u201cCon l\u2019Einstein Telescope la Sardegna guarda al futuro\u201d."},"content":{"rendered":"\n<p>Cagliari, 13 Mar 2026\u00a0- La presidente della Regione Sardegna Alessandra Todde ha partecipato questa mattina alla cerimonia di inaugurazione del 405\u00b0 anno accademico dell\u2019Universit\u00e0 degli Studi di Cagliari, dedicato quest\u2019anno all\u2019esplorazione dell\u2019universo e alla prospettiva scientifica legata all\u2019Einstein Telescope. L\u2019evento si \u00e8 svolto al Teatro Carmen Melis di Cagliari alla presenza delle autorit\u00e0 accademiche, istituzionali e degli studenti.<\/p>\n\n\n\n<p>La cerimonia \u00e8 stata aperta dal Magnifico Rettore Francesco Mola. Sono intervenuti il prorettore alla Ricerca Luciano Colombo, Gaetano Melis in rappresentanza del personale tecnico-amministrativo e bibliotecario e gli studenti Balde Thierno Mamadou Saidou e Silvia Cotza. La prolusione \u00e8 stata affidata a Marica Branchesi, docente di astrofisica, cosmologia e scienza dello spazio del Gran Sasso Science Institute, con un intervento dedicato al ruolo della Sardegna nell\u2019esplorazione dell\u2019universo e alle prospettive scientifiche dell\u2019Einstein Telescope.<\/p>\n\n\n\n<p>Nel suo intervento la presidente Todde ha richiamato il valore storico dell\u2019ateneo cagliaritano e il ruolo dell\u2019Universit\u00e0 nello sviluppo della ricerca e della formazione delle nuove competenze. \u201cIl tema scelto quest\u2019anno, dedicato all\u2019esplorazione dell\u2019universo e all\u2019Einstein Telescope, parla della frontiera della conoscenza. Ma parla anche del futuro della Sardegna\u201d, ha affermato la presidente, sottolineando il contributo degli atenei di Cagliari e Sassari alla costruzione della candidatura del grande osservatorio europeo delle onde gravitazionali.<\/p>\n\n\n\n<p>Todde ha ricordato le iniziative avviate negli ultimi mesi per rafforzare l\u2019ecosistema della ricerca legato al progetto. Tra queste la nascita del centro di ricerca ET SunLab a Sos Enattos, l\u2019apertura della sede sarda dell\u2019INGV, l\u2019arrivo della rete della ricerca GARR-T, l\u2019attivazione dei laboratori ETIC a Monserrato e gli investimenti destinati alle imprese sarde interessate ai settori tecnologici collegati all\u2019Einstein Telescope.<\/p>\n\n\n\n<p>La presidente ha inoltre richiamato la recente missione istituzionale in Sassonia, dove la Regione ha ribadito la volont\u00e0 di costruire una candidatura congiunta e rafforzare le collaborazioni scientifiche e tecnologiche. \u201cL\u2019Einstein Telescope rappresenta bene l\u2019idea di Universit\u00e0 che vogliamo sostenere: un\u2019Universit\u00e0 capace di misurarsi con le grandi sfide scientifiche del nostro tempo, di attrarre talenti, generare innovazione e offrire nuove opportunit\u00e0 alle giovani generazioni\u201d, ha dichiarato Todde.<\/p>\n\n\n\n<p>Rivolgendosi direttamente agli studenti, Todde ha richiamato il valore dello studio come strumento di libert\u00e0 e di responsabilit\u00e0 verso la comunit\u00e0. \u201cIl sapere che costruite qui, tra queste aule, non \u00e8 solo un titolo di studio. \u00c8 uno sguardo sul mondo, \u00e8 la capacit\u00e0 di leggere la complessit\u00e0, di non accontentarsi delle semplificazioni. Questa terra ha bisogno del vostro talento, della vostra competenza e della vostra ambizione\u201d.<\/p>\n\n\n\n<p>La presidente ha quindi invitato le nuove generazioni a mettere competenze e talento al servizio del presente e del futuro dell\u2019isola. \u201cSe oggi parliamo di Einstein Telescope e di esplorazione dell\u2019universo \u00e8 perch\u00e9 qualcuno ha scelto di guardare pi\u00f9 lontano. La Sardegna sta provando a fare lo stesso\u201d. Red<\/p>\n","protected":false},"excerpt":{"rendered":"<p>Cagliari, 13 Mar 2026\u00a0&#8211; La presidente della Regione Sardegna Alessandra Todde ha partecipato questa mattina alla cerimonia di inaugurazione del 405\u00b0 anno accademico dell\u2019Universit\u00e0 degli&#8230;<\/p>\n","protected":false},"author":2,"featured_media":270574,"comment_status":"closed","ping_status":"open","sticky":false,"template":"","format":"standard","meta":[],"categories":[49,52],"tags":[],"_links":{"self":[{"href":"https:\/\/www.cronacaonline.it\/index.php\/wp-json\/wp\/v2\/posts\/270573"}],"collection":[{"href":"https:\/\/www.cronacaonline.it\/index.php\/wp-json\/wp\/v2\/posts"}],"about":[{"href":"https:\/\/www.cronacaonline.it\/index.php\/wp-json\/wp\/v2\/types\/post"}],"author":[{"embeddable":true,"href":"https:\/\/www.cronacaonline.it\/index.php\/wp-json\/wp\/v2\/users\/2"}],"replies":[{"embeddable":true,"href":"https:\/\/www.cronacaonline.it\/index.php\/wp-json\/wp\/v2\/comments?post=270573"}],"version-history":[{"count":1,"href":"https:\/\/www.cronacaonline.it\/index.php\/wp-json\/wp\/v2\/posts\/270573\/revisions"}],"predecessor-version":[{"id":270575,"href":"https:\/\/www.cronacaonline.it\/index.php\/wp-json\/wp\/v2\/posts\/270573\/revisions\/270575"}],"wp:featuredmedia":[{"embeddable":true,"href":"https:\/\/www.cronacaonline.it\/index.php\/wp-json\/wp\/v2\/media\/270574"}],"wp:attachment":[{"href":"https:\/\/www.cronacaonline.it\/index.php\/wp-json\/wp\/v2\/media?parent=270573"}],"wp:term":[{"taxonomy":"category","embeddable":true,"href":"https:\/\/www.cronacaonline.it\/index.php\/wp-json\/wp\/v2\/categories?post=270573"},{"taxonomy":"post_tag","embeddable":true,"href":"https:\/\/www.cronacaonline.it\/index.php\/wp-json\/wp\/v2\/tags?post=270573"}],"curies":[{"name":"wp","href":"https:\/\/api.w.org\/{rel}","templated":true}]}}