{"id":270504,"date":"2026-03-11T16:09:44","date_gmt":"2026-03-11T15:09:44","guid":{"rendered":"https:\/\/www.cronacaonline.it\/?p=270504"},"modified":"2026-03-11T16:09:51","modified_gmt":"2026-03-11T15:09:51","slug":"marceddi-la-regione-trasferisce-il-compendio-immobiliare-al-comune-di-terralba-lassessore-francesco-spanedda-si-apre-una-nuova-fase-per-la-borgata","status":"publish","type":"post","link":"https:\/\/www.cronacaonline.it\/index.php\/2026\/03\/11\/marceddi-la-regione-trasferisce-il-compendio-immobiliare-al-comune-di-terralba-lassessore-francesco-spanedda-si-apre-una-nuova-fase-per-la-borgata\/","title":{"rendered":"Marcedd\u00ec, la Regione trasferisce il compendio immobiliare al comune di Terralba. L&#8217;assessore Francesco Spanedda: \u201cSi apre una nuova fase per la borgata\u201d."},"content":{"rendered":"\n<p>Cagliari, 11 Mar 2026\u00a0- La Regione Sardegna trasferir\u00e0 al Comune di Terralba l\u2019intero compendio immobiliare della borgata di Marcedd\u00ec. Nella seduta di oggi, la Giunta regionale ha approvato la delibera che autorizza la cessione di 301 unit\u00e0 catastali tra fabbricati e aree pertinenziali al prezzo simbolico di un euro per particella, ai sensi della legge regionale n. 35 del 1995.<\/p>\n\n\n\n<p>\u201c\u00c8 una decisione che segna un passaggio importante per il futuro della borgata e per una vicenda amministrativa che si trascina da decenni\u201d, afferma l\u2019assessore degli Enti locali e Urbanistica, Francesco Spanedda. \u201cCon questo provvedimento - continua - la Regione compie fino in fondo il proprio ruolo: mettere ordine nella situazione patrimoniale e creare le condizioni perch\u00e9 il Comune possa guidare i processi di riqualificazione e valorizzazione del territorio\u201d.<\/p>\n\n\n\n<p>La borgata di Marcedd\u00ec, nata come insediamento spontaneo su aree del demanio marittimo, \u00e8 stata al centro di un lungo percorso amministrativo che ha portato alla sdemanializzazione delle aree, al loro trasferimento prima allo Stato e successivamente alla Regione, fino alla definizione della consistenza patrimoniale regionale con il classamento delle unit\u00e0 immobiliari.<\/p>\n\n\n\n<p>\u201cAbbiamo scelto di applicare in modo concreto il principio di sussidiariet\u00e0: affidare al Comune di Terralba la titolarit\u00e0 del compendio significa mettere l\u2019ente pi\u00f9 vicino alla comunit\u00e0 nelle condizioni di governare direttamente le scelte sul futuro della borgata\u201d, prosegue l'assessore. Il provvedimento si inserisce nel quadro delle disposizioni previste dalla legge regionale n. 9 del 2023, che ha previsto la predisposizione di un programma integrato di riordino urbano per la borgata di pescatori di Marcedd\u00ec.<\/p>\n\n\n\n<p>\u201cMarcedd\u00ec \u00e8 un luogo con una storia e un\u2019identit\u00e0 forti, ma anche con criticit\u00e0 urbanistiche e amministrative stratificate nel tempo. Il compito delle istituzioni \u00e8 affrontare questa complessit\u00e0 senza scorciatoie, tenendo insieme il rispetto delle regole, la funzione sociale della propriet\u00e0 pubblica e le aspettative della comunit\u00e0 locale\u201d, conclude Spanedda. Com<\/p>\n","protected":false},"excerpt":{"rendered":"<p>Cagliari, 11 Mar 2026\u00a0&#8211; La Regione Sardegna trasferir\u00e0 al Comune di Terralba l\u2019intero compendio immobiliare della borgata di Marcedd\u00ec. Nella seduta di oggi, la Giunta&#8230;<\/p>\n","protected":false},"author":2,"featured_media":270505,"comment_status":"closed","ping_status":"open","sticky":false,"template":"","format":"standard","meta":[],"categories":[49,52],"tags":[],"_links":{"self":[{"href":"https:\/\/www.cronacaonline.it\/index.php\/wp-json\/wp\/v2\/posts\/270504"}],"collection":[{"href":"https:\/\/www.cronacaonline.it\/index.php\/wp-json\/wp\/v2\/posts"}],"about":[{"href":"https:\/\/www.cronacaonline.it\/index.php\/wp-json\/wp\/v2\/types\/post"}],"author":[{"embeddable":true,"href":"https:\/\/www.cronacaonline.it\/index.php\/wp-json\/wp\/v2\/users\/2"}],"replies":[{"embeddable":true,"href":"https:\/\/www.cronacaonline.it\/index.php\/wp-json\/wp\/v2\/comments?post=270504"}],"version-history":[{"count":1,"href":"https:\/\/www.cronacaonline.it\/index.php\/wp-json\/wp\/v2\/posts\/270504\/revisions"}],"predecessor-version":[{"id":270506,"href":"https:\/\/www.cronacaonline.it\/index.php\/wp-json\/wp\/v2\/posts\/270504\/revisions\/270506"}],"wp:featuredmedia":[{"embeddable":true,"href":"https:\/\/www.cronacaonline.it\/index.php\/wp-json\/wp\/v2\/media\/270505"}],"wp:attachment":[{"href":"https:\/\/www.cronacaonline.it\/index.php\/wp-json\/wp\/v2\/media?parent=270504"}],"wp:term":[{"taxonomy":"category","embeddable":true,"href":"https:\/\/www.cronacaonline.it\/index.php\/wp-json\/wp\/v2\/categories?post=270504"},{"taxonomy":"post_tag","embeddable":true,"href":"https:\/\/www.cronacaonline.it\/index.php\/wp-json\/wp\/v2\/tags?post=270504"}],"curies":[{"name":"wp","href":"https:\/\/api.w.org\/{rel}","templated":true}]}}