{"id":270502,"date":"2026-03-11T16:07:31","date_gmt":"2026-03-11T15:07:31","guid":{"rendered":"https:\/\/www.cronacaonline.it\/?p=270502"},"modified":"2026-03-11T16:07:34","modified_gmt":"2026-03-11T15:07:34","slug":"programma-lavoras-39-milioni-di-euro-per-i-cantieri-di-nuova-attivazione-2026-lassessora-del-lavoro-desire-manca-lavoro-dignita-e-opportunita-per-i-territori-e-per-le-persone-piu","status":"publish","type":"post","link":"https:\/\/www.cronacaonline.it\/index.php\/2026\/03\/11\/programma-lavoras-39-milioni-di-euro-per-i-cantieri-di-nuova-attivazione-2026-lassessora-del-lavoro-desire-manca-lavoro-dignita-e-opportunita-per-i-territori-e-per-le-persone-piu\/","title":{"rendered":"Programma Lavoras: 39 milioni di euro per i cantieri di nuova attivazione 2026. L\u2019assessora del lavoro Desir\u00e8 Manca: \u201cLavoro, dignit\u00e0 e opportunit\u00e0 per i territori e per le persone pi\u00f9 fragili\u201d."},"content":{"rendered":"\n<p>Cagliari, 11 Mar 2026\u00a0- L\u2019Assessorato regionale del Lavoro, Formazione Professionale, Cooperazione e Sicurezza Sociale comunica il rifinanziamento della misura \u201cCantieri di nuova attivazione\u201d nell\u2019ambito del Programma LavoRAS.<\/p>\n\n\n\n<p>\u201cAbbiamo stanziato 39 milioni di euro per la prosecuzione di un intervento di politica attiva del lavoro determinante per incrementare e salvaguardare i livelli occupazionali. Una misura \u2013 sottolinea l\u2019assessora del Lavoro Desir\u00e8 Manca \u2013 pensata in particolare per i soggetti con un basso livello di occupabilit\u00e0 e che persegue un duplice obiettivo: contrastare l\u2019elevato tasso di disoccupazione e, al contempo, rafforzare i processi di sviluppo territoriale e la tutela dei beni comuni, attraverso il coinvolgimento diretto delle amministrazioni locali\u201d.<\/p>\n\n\n\n<p>\u201cPer evitare sovrapposizioni nella gestione di pi\u00f9 annualit\u00e0 e garantire una migliore programmazione delle risorse pubbliche \u2013 spiega \u2013 \u00e8 stato previsto un riparto delle risorse 2026 in favore dei Comuni che, alla data del 5 marzo 2026, abbiano comunicato l\u2019avvio di almeno un cantiere o abbiano proceduto con le assunzioni e le relative Comunicazioni Obbligatorie, nonch\u00e9 dei Comuni che non hanno ricevuto finanziamenti a valere sull\u2019annualit\u00e0 2024\u201d.<\/p>\n\n\n\n<p>Per consentire a tutti i territori della Sardegna di attivare le misure a salvaguardia dei livelli occupazionali, \u00e8 stata inoltre prevista un\u2019ulteriore proroga per i Comuni che non hanno ancora avviato i cantieri relativi all\u2019annualit\u00e0 2024: il termine per l\u2019avvio \u00e8 fissato al 31 dicembre 2026, con conclusione entro e non oltre il 31 dicembre 2027\u201d.<\/p>\n\n\n\n<p>\u201cIl Programma LavoRAS \u2013 osserva l\u2019esponente della Giunta - si conferma uno strumento centrale di sostegno all\u2019occupazione e di supporto ai territori pi\u00f9 esposti ai fenomeni di disoccupazione e spopolamento: abbiamo previsto un\u2019importante ricaduta occupazionale su tutto il territorio regionale, con lo stanziamento del 2024 si ipotizza l\u2019assunzione di circa 1.778 lavoratori\u201d. \u201cPer molte persone queste opportunit\u00e0 rappresentano molto pi\u00f9 di un contratto di lavoro: significano la possibilit\u00e0 di tornare a sentirsi parte attiva della propria comunit\u00e0, di garantire un reddito alla propria famiglia e di guardare al futuro con maggiore fiducia. \u00c8 questa la direzione delle nostre politiche: non lasciare indietro nessuno e restituire dignit\u00e0 attraverso il lavoro\u201d, conclude Desir\u00e8 Manca. Com<\/p>\n","protected":false},"excerpt":{"rendered":"<p>Cagliari, 11 Mar 2026\u00a0&#8211; L\u2019Assessorato regionale del Lavoro, Formazione Professionale, Cooperazione e Sicurezza Sociale comunica il rifinanziamento della misura \u201cCantieri di nuova attivazione\u201d nell\u2019ambito del&#8230;<\/p>\n","protected":false},"author":2,"featured_media":267985,"comment_status":"closed","ping_status":"open","sticky":false,"template":"","format":"standard","meta":[],"categories":[49,52],"tags":[],"_links":{"self":[{"href":"https:\/\/www.cronacaonline.it\/index.php\/wp-json\/wp\/v2\/posts\/270502"}],"collection":[{"href":"https:\/\/www.cronacaonline.it\/index.php\/wp-json\/wp\/v2\/posts"}],"about":[{"href":"https:\/\/www.cronacaonline.it\/index.php\/wp-json\/wp\/v2\/types\/post"}],"author":[{"embeddable":true,"href":"https:\/\/www.cronacaonline.it\/index.php\/wp-json\/wp\/v2\/users\/2"}],"replies":[{"embeddable":true,"href":"https:\/\/www.cronacaonline.it\/index.php\/wp-json\/wp\/v2\/comments?post=270502"}],"version-history":[{"count":1,"href":"https:\/\/www.cronacaonline.it\/index.php\/wp-json\/wp\/v2\/posts\/270502\/revisions"}],"predecessor-version":[{"id":270503,"href":"https:\/\/www.cronacaonline.it\/index.php\/wp-json\/wp\/v2\/posts\/270502\/revisions\/270503"}],"wp:featuredmedia":[{"embeddable":true,"href":"https:\/\/www.cronacaonline.it\/index.php\/wp-json\/wp\/v2\/media\/267985"}],"wp:attachment":[{"href":"https:\/\/www.cronacaonline.it\/index.php\/wp-json\/wp\/v2\/media?parent=270502"}],"wp:term":[{"taxonomy":"category","embeddable":true,"href":"https:\/\/www.cronacaonline.it\/index.php\/wp-json\/wp\/v2\/categories?post=270502"},{"taxonomy":"post_tag","embeddable":true,"href":"https:\/\/www.cronacaonline.it\/index.php\/wp-json\/wp\/v2\/tags?post=270502"}],"curies":[{"name":"wp","href":"https:\/\/api.w.org\/{rel}","templated":true}]}}