{"id":270497,"date":"2026-03-11T16:02:01","date_gmt":"2026-03-11T15:02:01","guid":{"rendered":"https:\/\/www.cronacaonline.it\/?p=270497"},"modified":"2026-03-11T16:02:05","modified_gmt":"2026-03-11T15:02:05","slug":"le-delibere-adottate-oggi-11-marzo-2026-dalla-giunta-regionale-della-sardegna","status":"publish","type":"post","link":"https:\/\/www.cronacaonline.it\/index.php\/2026\/03\/11\/le-delibere-adottate-oggi-11-marzo-2026-dalla-giunta-regionale-della-sardegna\/","title":{"rendered":"Le delibere adottate oggi, 11 Marzo 2026 dalla Giunta regionale della Sardegna."},"content":{"rendered":"\n<p>Cagliari, 11 Mar 2026 - Di seguito le principali delibere adottate oggi dalla Giunta Todde.\u00a0<\/p>\n\n\n\n<p>Presidenza - La Giunta regionale, su proposta della presidente Alessandra Todde, ha approvato il bando pubblico per l\u2019erogazione dei contributi destinati agli interventi di cura e tutela degli alberi inseriti nell\u2019elenco regionale e nazionale degli alberi monumentali d\u2019Italia. Approvata la rimodulazione dei macro-criteri di selezione con il relativo punteggio, nonch\u00e9 l'adeguamento delle tipologie di intervento ammissibili e dei costi massimi sostenibili. Sono destinate risorse pari a 95 mila euro.&nbsp;<\/p>\n\n\n\n<p>Lavoro - La Giunta, su proposta dell'assessore del Lavoro e della Formazione professionale, Desir\u00e8 Manca, ha approvato i criteri per la \u201cValorizzazione del patrimonio culturale e ambientale mediante Interventi di politica locale per l'occupazione finalizzati alla creazione di microimprese con azioni a sostegno del lavoro autonomo, imprenditoriale e liberoprofessionale\u201d e la quantificazione del valore finanziario di ciascun progetto che in ogni caso non potr\u00e0 essere superiore a 250 mila euro; si prevede che l\u2019avviso pubblico possa riportare delle specifiche premialit\u00e0 per favorire la progettazione integrata tra Enti locali territoriali, migliorando l\u2019efficienza gestionale e, in ultimo, per meglio accompagnare al termine del periodo di contrattualizzazione, la costituzione di nuove imprese finalizzate al proseguimento dell\u2019esperienza lavorativa con il fine del mantenimento della forza lavoro nella forma di autoimpiego.&nbsp;<\/p>\n\n\n\n<p>Pubblica istruzione - Su proposta dell\u2019assessora Portas, la Giunta ha trasferito la competenza relativa alla gestione, all'aggiornamento e allo sviluppo dell'Anagrafe Regionale dell'Edilizia Scolastica (ARES) dalla Direzione generale della Pubblica Istruzione all'Unit\u00e0 di progetto Iscol@. &nbsp;<\/p>\n\n\n\n<p>Sempre su proposta dell\u2019assessora della Pubblica Istruzione Ilaria Portas, la Giunta ha dato mandato all\u2019Unit\u00e0 di progetto Iscol@ di richiedere all\u2019ente di formazione Formez PA la predisposizione di un progetto di formazione del personale scolastico, finalizzato a un utilizzo pedagogico ottimale degli spazi innovativi realizzati nell\u2019ambito del Progetto Iscol@ (circa 3 mila interventi di riqualificazione e 184 di rinnovo di arredi) per contrastare la dispersione scolastica. Per tale progetto formativo sono state destinate risorse pari a un milione di euro.&nbsp;<\/p>\n\n\n\n<p>Sanit\u00e0 - La Giunta ha approvato gli indirizzi operativi per la sperimentazione del progetto di vita individuale prevista dalla riforma della disabilit\u00e0 (D.Lgs. 62\/2024). Il provvedimento definisce procedure, strumenti di valutazione multidimensionale e modelli operativi per l\u2019elaborazione dei progetti di vita delle persone con disabilit\u00e0. La sperimentazione, avviata nella provincia di Sassari, sar\u00e0 estesa anche al territorio della provincia di Cagliari e progressivamente a tutta la Sardegna. Previsti il coordinamento tramite un tavolo tecnico regionale e avvisi pubblici per l\u2019accesso ai finanziamenti del Fondo dedicato, nei limiti delle risorse disponibili.&nbsp;<\/p>\n\n\n\n<p>Su indicazione dell\u2019assessora ad interim, Alessandra Todde, la&nbsp;Giunta ha approvato nuove misure per contenere la spesa farmaceutica e migliorare l\u2019appropriatezza delle prescrizioni nel sistema sanitario regionale. Tra gli obiettivi per il 2026: contenimento della spesa convenzionata, utilizzo di farmaci equivalenti e biosimilari almeno al 95% e monitoraggio delle prescrizioni. Prevista l\u2019istituzione di un tavolo tecnico regionale sulla spesa farmaceutica e di una funzione di confronto clinico nelle aziende sanitarie. Nasceranno inoltre quattro Unit\u00e0 Farmaci Antiblastici regionali per ridurre sprechi e migliorare la sicurezza delle terapie oncologiche.&nbsp;<\/p>\n\n\n\n<p>La Giunta ha dato il via libero agli incentivi per contrastare la carenza di medici di medicina generale nelle aree pi\u00f9 fragili dell\u2019Isola. L\u2019accordo con i sindacati dei medici, siglato nelle scorse settimane, prevede un\u2019indennit\u00e0 mensile di 2.000 euro per due anni a chi apre uno studio nelle zone temporaneamente disagiate. Le aree saranno individuate in base al rapporto tra popolazione e medici presenti e aggiornate ogni anno. L\u2019obiettivo \u00e8 rafforzare l\u2019assistenza territoriale soprattutto nei piccoli comuni e nelle aree interne.&nbsp;<\/p>\n\n\n\n<p>La Giunta ha programmato oltre 3,3 milioni di euro per il rafforzamento della rete regionale antiviolenza, destinati al funzionamento dei centri antiviolenza e delle case di accoglienza e a nuovi interventi di prevenzione e sostegno alle donne vittime di violenza. Le risorse provengono da fondi regionali e statali e garantiranno continuit\u00e0 ai servizi esistenti, l\u2019apertura di nuovi sportelli e il potenziamento delle case rifugio. Previsti anche programmi per autonomia abitativa, inserimento lavorativo e formazione, oltre ad azioni di sensibilizzazione nelle scuole.&nbsp;<\/p>\n\n\n\n<p>La Giunta ha approvato la destinazione di oltre 306 mila euro al potenziamento dei Centri per uomini autori di violenza (CUAV) attivi nell\u2019Isola, nell\u2019ambito delle politiche di prevenzione della violenza di genere. Le risorse derivano da 180 mila euro regionali e 126.531 euro statali. I fondi sosterranno i centri CAM Sardegna (Sassari), CIPM Sardegna (Cagliari) e Centro GAME (Cagliari), con 102.177 euro ciascuno per rafforzare i programmi di responsabilizzazione e prevenzione della recidiva.&nbsp;<\/p>\n\n\n\n<p>Affari Generali - Sempre su proposta dell\u2019assessora Motzo, la Giunta ha approvato lo schema di Protocollo d\u2019intesa tra la Regione Sardegna e la Regione Toscana per l\u2019attuazione di azioni congiunte di collaborazione istituzionale in materia di innovazione e transizione digitale, con l\u2019obiettivo di sviluppare progetti condivisi su cybersecurity, dati, intelligenza artificiale, servizi digitali e rete dei facilitatori digitali, rafforzando la cooperazione tra Regioni anche nell\u2019accesso a programmi nazionali ed europei.<\/p>\n\n\n\n<p>Su proposta dell\u2019assessora degli Affari Generali, Personale e Riforma della Regione, Mariaelena Motzo, la Giunta ha programmato 3 milioni di euro per il triennio 2026-2028 destinati a rafforzare la sicurezza cibernetica degli enti locali. Le risorse saranno assegnate tramite avviso pubblico ai Comuni per la redazione di un Documento comunale di sicurezza cibernetica, finalizzato all\u2019analisi dei sistemi informatici, all\u2019individuazione delle vulnerabilit\u00e0 e alla definizione dei primi interventi per migliorare la protezione delle infrastrutture digitali e la continuit\u00e0 dei servizi pubblici. &nbsp;<\/p>\n\n\n\n<p>Enti Locali - La Giunta dispone lo scioglimento del Consiglio comunale di Palmas Arborea a seguito delle dimissioni irrevocabili di nove consiglieri su undici. L'impossibilit\u00e0 di surroga ha determinato la necessit\u00e0 di nominare un Commissario straordinario, la dottoressa Donatella Mancosu, per la gestione provvisoria dell'ente. L'incarico proseguir\u00e0 fino al primo turno elettorale utile per il rinnovo degli organi ordinari.&nbsp;<\/p>\n\n\n\n<p>Su proposta dell\u2019assessore degli Enti Locali, Francesco Spanedda, la giunta&nbsp;ha autorizzato la cessione di 301 unit\u00e0 immobiliari nella borgata di Marcedd\u00ec al Comune di Terralba al prezzo simbolico di un euro. L'iniziativa persegue un preciso indirizzo di sussidiariet\u00e0 e decentramento, finalizzato alla conclusione di un complesso iter di regolarizzazione tecnico-amministrativa di aree ex demaniali. L'operazione mira alla valorizzazione socio-economica e ambientale del borgo di pescatori, integrando il recupero edilizio in un piano di sviluppo territoriale armonico guidato direttamente dall'ente locale. &nbsp;<\/p>\n\n\n\n<p>Agricoltura - Su proposta dell\u2019assessore dell\u2019Agricoltura Francesco Agus, la Giunta regionale conferma gli indirizzi per la partecipazione istituzionale alle fiere specializzate nell\u2019ambito delle azioni di promozione dei prodotti agro-alimentari, attuate dall\u2019Agenzia Laore, e destina all\u2019intervento 1.100.000 euro.<\/p>\n\n\n\n<p>Successivamente, con decreto dell\u2019assessore dell\u2019Agricoltura, sar\u00e0 definito il calendario fieristico aggiornato, che includer\u00e0 le fiere che vedranno la partecipazione istituzionale della Regione Sardegna per l\u2019anno 2026 e per la prima parte del 2027. Sempre con decreto sar\u00e0 definito, per ciascuna manifestazione fieristica inclusa nel calendario, il numero delle aziende ammesse a partecipare alla collettiva della Regione Sardegna e le tempistiche di pubblicazione dei bandi. Com<\/p>\n","protected":false},"excerpt":{"rendered":"<p>Cagliari, 11 Mar 2026 &#8211; Di seguito le principali delibere adottate oggi dalla Giunta Todde.\u00a0 Presidenza &#8211; La Giunta regionale, su proposta della presidente Alessandra&#8230;<\/p>\n","protected":false},"author":2,"featured_media":247415,"comment_status":"closed","ping_status":"open","sticky":false,"template":"","format":"standard","meta":[],"categories":[49,52],"tags":[],"_links":{"self":[{"href":"https:\/\/www.cronacaonline.it\/index.php\/wp-json\/wp\/v2\/posts\/270497"}],"collection":[{"href":"https:\/\/www.cronacaonline.it\/index.php\/wp-json\/wp\/v2\/posts"}],"about":[{"href":"https:\/\/www.cronacaonline.it\/index.php\/wp-json\/wp\/v2\/types\/post"}],"author":[{"embeddable":true,"href":"https:\/\/www.cronacaonline.it\/index.php\/wp-json\/wp\/v2\/users\/2"}],"replies":[{"embeddable":true,"href":"https:\/\/www.cronacaonline.it\/index.php\/wp-json\/wp\/v2\/comments?post=270497"}],"version-history":[{"count":1,"href":"https:\/\/www.cronacaonline.it\/index.php\/wp-json\/wp\/v2\/posts\/270497\/revisions"}],"predecessor-version":[{"id":270498,"href":"https:\/\/www.cronacaonline.it\/index.php\/wp-json\/wp\/v2\/posts\/270497\/revisions\/270498"}],"wp:featuredmedia":[{"embeddable":true,"href":"https:\/\/www.cronacaonline.it\/index.php\/wp-json\/wp\/v2\/media\/247415"}],"wp:attachment":[{"href":"https:\/\/www.cronacaonline.it\/index.php\/wp-json\/wp\/v2\/media?parent=270497"}],"wp:term":[{"taxonomy":"category","embeddable":true,"href":"https:\/\/www.cronacaonline.it\/index.php\/wp-json\/wp\/v2\/categories?post=270497"},{"taxonomy":"post_tag","embeddable":true,"href":"https:\/\/www.cronacaonline.it\/index.php\/wp-json\/wp\/v2\/tags?post=270497"}],"curies":[{"name":"wp","href":"https:\/\/api.w.org\/{rel}","templated":true}]}}