{"id":270480,"date":"2026-03-11T10:07:34","date_gmt":"2026-03-11T09:07:34","guid":{"rendered":"https:\/\/www.cronacaonline.it\/?p=270480"},"modified":"2026-03-11T10:07:36","modified_gmt":"2026-03-11T09:07:36","slug":"commercio-contributi-in-favore-dei-centri-commerciali-naturali-ccn","status":"publish","type":"post","link":"https:\/\/www.cronacaonline.it\/index.php\/2026\/03\/11\/commercio-contributi-in-favore-dei-centri-commerciali-naturali-ccn\/","title":{"rendered":"Commercio: contributi in favore dei Centri Commerciali Naturali (CCN)."},"content":{"rendered":"\n<p>Cagliari, 11 Mar 2026\u00a0- \u00c8 stato pubblicato l\u2019avviso per il contributo annuo a sostegno dei programmi annuali dei Centri Commerciali Naturali (CCN), a valere sulla L.R. 5\/2006 e delle direttive approvate con Deliberazione di G.R. 56\/43 del 29\/10\/2025. L\u2019Assessorato del Turismo, Artigianato e Commercio ha stanziato 2,5 milioni di euro in favore dei CCN iscritti all\u2019Elenco regionale, per il proprio programma annuale di promozione previsto dal 1\u00b0 gennaio al 31 dicembre 2026.<\/p>\n\n\n\n<p>\u201cCon questo intervento mettiamo a disposizione dei Centri Commerciali Naturali risorse pi\u00f9 ingenti e con una tempistica pi\u00f9 adatta ad un corretto processo di pianificazione, per rafforzare il commercio di prossimit\u00e0 e sostenere le iniziative di promozione dei nostri centri urbani -dichiara Franco Cuccureddu assessore del Turismo, Artigianato e Commercio. L\u2019obiettivo \u00e8 favorire iniziative capaci di rendere le nostre citt\u00e0 e i nostri centri urbani sempre pi\u00f9 attrattivi e accoglienti, sia per i cittadini sia per i visitatori\u201d. \u201cIntendiamo sostenere il lavoro delle reti di imprese \u2013conclude Cuccureddu- che operano nei CCN, promuovendo progettualit\u00e0 e azioni di animazione territoriale che rafforzino l\u2019identit\u00e0 commerciale e turistica dei nostri centri urbani\u201d. Le domande devono essere presentate, a pena di esclusione, mediante la modulistica ufficiale pubblicata sul sito istituzionale dell\u2019Assessorato e inviata esclusivamente via posta elettronica certificata (PEC) all\u2019indirizzo tur.supportidirezionali@pec.regione.sardegna.it entro e non oltre il 31 marzo 2026.<\/p>\n\n\n\n<p>Il contributo annuo massimo concedibile \u00e8 pari a 50 mila euro nel limite del 90% delle spese ammissibili, finalizzate alla riqualificazione del commercio, promozione dei centri urbani, valorizzazione integrata di prodotti e servizi, miglioramento della competitivit\u00e0 degli associati e al potenziamento dell\u2019accoglienza e della fruizione da parte dei cittadini.<\/p>\n\n\n\n<p>Le domande devono essere presentate seguendo le indicazioni contenute nel link:&nbsp;<a href=\"http:\/\/www.regione.sardegna.it\/atti-bandi-archivi\/atti-amministrativi\/bandi\/177314638843623\">https:\/\/www.regione.sardegna.it\/atti-bandi-archivi\/atti-amministrativi\/bandi\/177314638843623<\/a><\/p>\n","protected":false},"excerpt":{"rendered":"<p>Cagliari, 11 Mar 2026\u00a0&#8211; \u00c8 stato pubblicato l\u2019avviso per il contributo annuo a sostegno dei programmi annuali dei Centri Commerciali Naturali (CCN), a valere sulla&#8230;<\/p>\n","protected":false},"author":2,"featured_media":266588,"comment_status":"closed","ping_status":"open","sticky":false,"template":"","format":"standard","meta":[],"categories":[49,52],"tags":[],"_links":{"self":[{"href":"https:\/\/www.cronacaonline.it\/index.php\/wp-json\/wp\/v2\/posts\/270480"}],"collection":[{"href":"https:\/\/www.cronacaonline.it\/index.php\/wp-json\/wp\/v2\/posts"}],"about":[{"href":"https:\/\/www.cronacaonline.it\/index.php\/wp-json\/wp\/v2\/types\/post"}],"author":[{"embeddable":true,"href":"https:\/\/www.cronacaonline.it\/index.php\/wp-json\/wp\/v2\/users\/2"}],"replies":[{"embeddable":true,"href":"https:\/\/www.cronacaonline.it\/index.php\/wp-json\/wp\/v2\/comments?post=270480"}],"version-history":[{"count":1,"href":"https:\/\/www.cronacaonline.it\/index.php\/wp-json\/wp\/v2\/posts\/270480\/revisions"}],"predecessor-version":[{"id":270481,"href":"https:\/\/www.cronacaonline.it\/index.php\/wp-json\/wp\/v2\/posts\/270480\/revisions\/270481"}],"wp:featuredmedia":[{"embeddable":true,"href":"https:\/\/www.cronacaonline.it\/index.php\/wp-json\/wp\/v2\/media\/266588"}],"wp:attachment":[{"href":"https:\/\/www.cronacaonline.it\/index.php\/wp-json\/wp\/v2\/media?parent=270480"}],"wp:term":[{"taxonomy":"category","embeddable":true,"href":"https:\/\/www.cronacaonline.it\/index.php\/wp-json\/wp\/v2\/categories?post=270480"},{"taxonomy":"post_tag","embeddable":true,"href":"https:\/\/www.cronacaonline.it\/index.php\/wp-json\/wp\/v2\/tags?post=270480"}],"curies":[{"name":"wp","href":"https:\/\/api.w.org\/{rel}","templated":true}]}}