{"id":270465,"date":"2026-03-10T10:36:18","date_gmt":"2026-03-10T09:36:18","guid":{"rendered":"https:\/\/www.cronacaonline.it\/?p=270465"},"modified":"2026-03-10T10:36:21","modified_gmt":"2026-03-10T09:36:21","slug":"operazione-interforze-contro-il-degrado-e-lillegalita-recuperati-veicoli-rubati-per-oltre-50mila-euro-e-smantellate-aree-abusive-denunciato-un-54enne","status":"publish","type":"post","link":"https:\/\/www.cronacaonline.it\/index.php\/2026\/03\/10\/operazione-interforze-contro-il-degrado-e-lillegalita-recuperati-veicoli-rubati-per-oltre-50mila-euro-e-smantellate-aree-abusive-denunciato-un-54enne\/","title":{"rendered":"Operazione interforze contro il degrado e l&#8217;illegalit\u00e0: recuperati veicoli rubati per oltre 50mila euro e smantellate aree abusive, denunciato un 54enne."},"content":{"rendered":"\n<p>Cagliari, 10 Mar 2026 \u2013 Nel corso della mattinata, i Carabinieri della Stazione di Cagliari San Bartolomeo, congiuntamente al personale dei Vigli del Fuoco e della Polizia Locale cittadina e con il prezioso supporto specialistico dei Nuclei Cinofili, Ispettorato del Lavoro (NIL), Antisofisticazioni e Sanit\u00e0 (NAS) e Operativo Ecologico (NOE), hanno condotto una vasta e articolata operazione di controllo all'interno degli spazi comuni situati in un complesso residenziale del capoluogo.<\/p>\n\n\n\n<p>Durante le accurate ispezioni dell'area, i militari hanno rinvenuto alcuni mezzi risultati provento di furto. Nello specifico, sono stati recuperati tre motocicli, un'autovettura e diverse parti meccaniche smontate, per un valore commerciale complessivo stimato in oltre 50.000 euro. L'intera refurtiva \u00e8 stata immediatamente posta sotto sequestro, pronta per essere restituita ai legittimi proprietari.<\/p>\n\n\n\n<p>Le verifiche, estese capillarmente a tutta la zona, hanno inoltre portato alla luce una situazione di diffuso abusivismo. I militari hanno infatti riscontrato la presenza di un'attivit\u00e0 di autolavaggio allestita in totale assenza delle necessarie autorizzazioni ambientali e amministrative, su cui i reparti specializzati stanno conducendo ulteriori e mirati accertamenti. Contemporaneamente, si \u00e8 resa necessaria un'opera di ripristino degli spazi comuni: grazie all'ausilio di una squadra dei Vigili del Fuoco di Cagliari, sono state liberate e rese nuovamente accessibili diverse aree che erano state illecitamente delimitate e sbarrate mediante la realizzazione di opere in muratura e l'installazione di cancellate.<\/p>\n\n\n\n<p>A conclusione delle attivit\u00e0, i Carabinieri hanno deferito in stato di libert\u00e0 alla Procura della Repubblica un 54enne, poich\u00e9 ritenuto il presunto gestore dell'area adibita abusivamente a parcheggio e deposito di materiali. L'Autorit\u00e0 Giudiziaria \u00e8 stata tempestivamente informata di tutte le risultanze emerse durante l'intervento e ora dovr\u00e0 valutare le posizioni dei soggetti coinvolti.<\/p>\n\n\n\n<p>L\u2019operazione si inserisce nel quadro delle costanti attivit\u00e0 di prevenzione, controllo del territorio e contrasto al degrado urbano promosse dall\u2019Arma dei Carabinieri. La sinergia tra le diverse specialit\u00e0 dell'Arma e le istituzioni locali conferma l'impegno quotidiano volto a reprimere i reati contro il patrimonio e a ripristinare le condizioni di legalit\u00e0 e decoro nei quartieri cittadini, garantendo cos\u00ec una maggiore sicurezza per l'intera collettivit\u00e0.<\/p>\n","protected":false},"excerpt":{"rendered":"<p>Cagliari, 10 Mar 2026 \u2013 Nel corso della mattinata, i Carabinieri della Stazione di Cagliari San Bartolomeo, congiuntamente al personale dei Vigli del Fuoco e&#8230;<\/p>\n","protected":false},"author":2,"featured_media":270466,"comment_status":"closed","ping_status":"open","sticky":false,"template":"","format":"standard","meta":[],"categories":[49,55],"tags":[],"_links":{"self":[{"href":"https:\/\/www.cronacaonline.it\/index.php\/wp-json\/wp\/v2\/posts\/270465"}],"collection":[{"href":"https:\/\/www.cronacaonline.it\/index.php\/wp-json\/wp\/v2\/posts"}],"about":[{"href":"https:\/\/www.cronacaonline.it\/index.php\/wp-json\/wp\/v2\/types\/post"}],"author":[{"embeddable":true,"href":"https:\/\/www.cronacaonline.it\/index.php\/wp-json\/wp\/v2\/users\/2"}],"replies":[{"embeddable":true,"href":"https:\/\/www.cronacaonline.it\/index.php\/wp-json\/wp\/v2\/comments?post=270465"}],"version-history":[{"count":1,"href":"https:\/\/www.cronacaonline.it\/index.php\/wp-json\/wp\/v2\/posts\/270465\/revisions"}],"predecessor-version":[{"id":270467,"href":"https:\/\/www.cronacaonline.it\/index.php\/wp-json\/wp\/v2\/posts\/270465\/revisions\/270467"}],"wp:featuredmedia":[{"embeddable":true,"href":"https:\/\/www.cronacaonline.it\/index.php\/wp-json\/wp\/v2\/media\/270466"}],"wp:attachment":[{"href":"https:\/\/www.cronacaonline.it\/index.php\/wp-json\/wp\/v2\/media?parent=270465"}],"wp:term":[{"taxonomy":"category","embeddable":true,"href":"https:\/\/www.cronacaonline.it\/index.php\/wp-json\/wp\/v2\/categories?post=270465"},{"taxonomy":"post_tag","embeddable":true,"href":"https:\/\/www.cronacaonline.it\/index.php\/wp-json\/wp\/v2\/tags?post=270465"}],"curies":[{"name":"wp","href":"https:\/\/api.w.org\/{rel}","templated":true}]}}