{"id":270432,"date":"2026-03-09T14:06:44","date_gmt":"2026-03-09T13:06:44","guid":{"rendered":"https:\/\/www.cronacaonline.it\/?p=270432"},"modified":"2026-03-09T14:06:46","modified_gmt":"2026-03-09T13:06:46","slug":"il-celebre-tenore-sardo-francesco-demuro-rappresentante-della-regione-sardegna-in-cina","status":"publish","type":"post","link":"https:\/\/www.cronacaonline.it\/index.php\/2026\/03\/09\/il-celebre-tenore-sardo-francesco-demuro-rappresentante-della-regione-sardegna-in-cina\/","title":{"rendered":"Il celebre tenore sardo Francesco Demuro rappresentante della Regione Sardegna in Cina."},"content":{"rendered":"\n<p>Cagliari, 9 Mar 2026 - Il celebre tenore sardo Francesco Demuro, tra le voci pi\u00f9 prestigiose della scena lirica internazionale, impegnato in questi giorni nella produzione di Norma di Vincenzo Bellini al Teatro Lirico di Cagliari, sar\u00e0 il protagonista maschile in Demetra, opera musicale firmata dall\u2019autore sardo Giuseppe Elia Monni che debutter\u00e0 in Cina il 20 marzo, a Chengdu, capoluogo del Sichuan.<\/p>\n\n\n\n<p>Francesco Demuro \u00e8 stato fortemente voluto dalla Regione Sardegna, in qualit\u00e0 di eccellenza culturale della nostra isola, per rappresentarla nella Repubblica Popolare Cinese.<\/p>\n\n\n\n<p>L\u2019obiettivo di questa produzione musicale - interamente sarda - \u00e8 quello di realizzare non solo una rappresentazione teatrale ma anche una serie tv. Di qui il grande interesse suscitato in Cina da questo progetto, innovativo sotto tanti aspetti.<\/p>\n\n\n\n<p>Francesco Demuro che appunto interpreta il ruolo di Pollione nel capolavoro musicale di Bellini al Teatro Lirico di Cagliari, canter\u00e0, come annunciato, nelle recite del 18 e 22 marzo e non pi\u00f9 invece in quella del 20 marzo, nella quale verr\u00e0 sostituito dal tenore Mikheil Sheshaberidze che quindi canter\u00e0 nelle recite del 19-20-21 marzo.<\/p>\n\n\n\n<p>\u00abSono particolarmente orgoglioso che Francesco Demuro sia chiamato a rappresentare la nostra Regione in Cina e ringrazio l\u2019artista e le istituzioni per l\u2019opportunit\u00e0 culturale che scaturir\u00e0, ne sono certo, dai rapporti bilaterali fra i due Paesi. Un ringraziamento sentito vada anche a Mikheil Sheshaberidze, eccezionale artista gi\u00e0 applaudito a Cagliari, per la disponibilit\u00e0 e al nostro pubblico per la comprensione.\u00bb (Andrea Cigni, sovrintendente Teatro Lirico di Cagliari). Com<\/p>\n","protected":false},"excerpt":{"rendered":"<p>Cagliari, 9 Mar 2026 &#8211; Il celebre tenore sardo Francesco Demuro, tra le voci pi\u00f9 prestigiose della scena lirica internazionale, impegnato in questi giorni nella&#8230;<\/p>\n","protected":false},"author":2,"featured_media":270433,"comment_status":"closed","ping_status":"open","sticky":false,"template":"","format":"standard","meta":[],"categories":[49,54],"tags":[],"_links":{"self":[{"href":"https:\/\/www.cronacaonline.it\/index.php\/wp-json\/wp\/v2\/posts\/270432"}],"collection":[{"href":"https:\/\/www.cronacaonline.it\/index.php\/wp-json\/wp\/v2\/posts"}],"about":[{"href":"https:\/\/www.cronacaonline.it\/index.php\/wp-json\/wp\/v2\/types\/post"}],"author":[{"embeddable":true,"href":"https:\/\/www.cronacaonline.it\/index.php\/wp-json\/wp\/v2\/users\/2"}],"replies":[{"embeddable":true,"href":"https:\/\/www.cronacaonline.it\/index.php\/wp-json\/wp\/v2\/comments?post=270432"}],"version-history":[{"count":1,"href":"https:\/\/www.cronacaonline.it\/index.php\/wp-json\/wp\/v2\/posts\/270432\/revisions"}],"predecessor-version":[{"id":270434,"href":"https:\/\/www.cronacaonline.it\/index.php\/wp-json\/wp\/v2\/posts\/270432\/revisions\/270434"}],"wp:featuredmedia":[{"embeddable":true,"href":"https:\/\/www.cronacaonline.it\/index.php\/wp-json\/wp\/v2\/media\/270433"}],"wp:attachment":[{"href":"https:\/\/www.cronacaonline.it\/index.php\/wp-json\/wp\/v2\/media?parent=270432"}],"wp:term":[{"taxonomy":"category","embeddable":true,"href":"https:\/\/www.cronacaonline.it\/index.php\/wp-json\/wp\/v2\/categories?post=270432"},{"taxonomy":"post_tag","embeddable":true,"href":"https:\/\/www.cronacaonline.it\/index.php\/wp-json\/wp\/v2\/tags?post=270432"}],"curies":[{"name":"wp","href":"https:\/\/api.w.org\/{rel}","templated":true}]}}