{"id":270399,"date":"2026-03-07T13:34:37","date_gmt":"2026-03-07T12:34:37","guid":{"rendered":"https:\/\/www.cronacaonline.it\/?p=270399"},"modified":"2026-03-07T13:34:40","modified_gmt":"2026-03-07T12:34:40","slug":"comitati-per-la-sanita-pubblica-e-sindaci-ricevuti-in-consiglio-regionale","status":"publish","type":"post","link":"https:\/\/www.cronacaonline.it\/index.php\/2026\/03\/07\/comitati-per-la-sanita-pubblica-e-sindaci-ricevuti-in-consiglio-regionale\/","title":{"rendered":"Comitati per la sanit\u00e0 pubblica e sindaci ricevuti in Consiglio regionale."},"content":{"rendered":"\n<p>Cagliari, 7 Mar 2026 - \u201cHo molto apprezzato il vostro senso di responsabilit\u00e0, non\u00a0 scontato, che vi fa onore. Ricevuta la vostra richiesta abbiamo subito calendarizzato l\u2019incontro per un confronto necessario. Il dialogo non \u00e8 mai mancato e si coglie la vostra voglia, da cittadini maturi, di collaborare con le istituzioni a cominciare dalla commissione Sanit\u00e0, che ritengo sia l\u2019interlocutore primario\u201d. Cos\u00ec il presidente Comandini ha chiuso l\u2019incontro con la delegazione dei comitati spontanei per la sanit\u00e0 pubblica giunti da tutta la Sardegna in via Roma.<\/p>\n\n\n\n<p>La delegazione, affiancata da numerosi sindaci, \u00e8 stata ricevuta in Consiglio regionale dal presidente insieme ai capigruppo, alla presidente della commissione Sanit\u00e0, Carla Fundoni, e alla presidente della Regione, Alessandra Todde, anche nelle vesti di assessora della Sanit\u00e0.<\/p>\n\n\n\n<p>Il primo a parlare \u00e8 stato il presidente del coordinamento dei Comitati, Alessandro Rosas, che ha denunciato: \u201cAbbiamo pi\u00f9 volte stemperato il clima ma la situazione della sanit\u00e0 pubblica sta degenerando. Siamo qui per difendere la sanit\u00e0 pubblica, in un canale di dialogo proficuo con voi\u201d. Il medico Francesco Carta, coordinatore del gruppo di studio dei comitati, ha aggiunto: \u201cServe un programma sociosanitario, le strutture sono male organizzate. E serve rafforzare la prevenzione, perch\u00e9 i sardi devono ammalarsi di meno\u201d.<\/p>\n\n\n\n<p>Hanno preso poi la parola Alfio Desogus (Cagliari), la nuorese Elena Zidda che ha denunciato una situazione: \u201cAl San Francesco i fratturati di femore ultra sessantacinquenni non vengono operati nelle 24 ore ma vengono mandati in giro per la Sardegna, soprattutto a Olbia\u201d. Poi Silvio manca (Alto Oristanese) e Giovannino Sanna (Sos Barbagia) che ha rivelato: \u201cNel pronto soccorso di Sorgono ci sono appena due medici e la Chirurgia lavora appena 4 giorni\u201d.<\/p>\n\n\n\n<p>La presidente Fundoni, a nome della commissione, ha ricordato l\u2019impegno: \u201cBen vengano confronti e anche critiche ma la crisi della Sanit\u00e0 sarda \u00e8 nota da tempo&nbsp; e sinora abbiamo tamponato tutte le emergenze. Ora c\u2019\u00e8 da affrontare in modo strutturale la questione della sanit\u00e0 territoriale e lo faremo anche con l\u2019appoggio della rete delle farmacie sarde per offrire servizi sanitari alla portata del cittadino\u201d.<\/p>\n\n\n\n<p>Per la presidente Todde, che ha proseguito, \u201cil passato e noto e anche quello che sta accadendo. Dobbiamo misurare, \u00e8 l\u2019unico metodo che conosco, i risultati delle azioni che abbiamo intrapreso. In questi mesi abbiamo inserito medici di medicina generale, ne mancano 560 e ora ne mancano 502. E\u2019 una goccia ma \u00e8 un passo avanti. Li incentiviamo con 2 mila euro al mese in pi\u00f9 se copriranno una delle 100 sedi disagiate che abbiamo individuato.<\/p>\n\n\n\n<p>Stiamo lavorando sugli ospedali di comunit\u00e0 e sulle case della salute: a giugno 2026, scadenza del Pnrr, avremo 46 case pronte e almeno 11 ospedali di comunit\u00e0 su 13\u201d.<\/p>\n\n\n\n<p>La presidente ha parlato anche della questione del personale medico e infermieristico e ha aggiunto: \u201cI medici a gettone hanno creato una disparit\u00e0 inaccettabile, che risolveremo con uno sforzo\u201d.<\/p>\n\n\n\n<p>Sulla riorganizzazione sanitaria ha detto: \u201cDi certo la nomina dei manager ha creato ritardi ma chi arriver\u00e0 non trover\u00e0 eredit\u00e0 del passato\u201d . Mentre sulle liste d\u2019attesa \u201cc\u2019\u00e8 un problema di accuratezza delle prestazioni. Certo non si pu\u00f2 sentire una data del 2029 per una gastroscopia non urgente. Monitoreremo gli effetti delle azioni che stiamo mettendo in campo\u201d.<\/p>\n\n\n\n<p>Altri temi complessi: \u201cLa farmacia dei servizi pu\u00f2 dare un grosso contributo sul territorio, ne stiamo parlando con Federfarma e cercheremo di utilizzare le farmacie il pi\u00f9 possibile\u201d.<\/p>\n\n\n\n<p>Sul registro tumori la presidente ha detto: \u201cSiamo in ritardo ma stiamo lavorando per caricare i dati\u201d. Com<\/p>\n","protected":false},"excerpt":{"rendered":"<p>Cagliari, 7 Mar 2026 &#8211; \u201cHo molto apprezzato il vostro senso di responsabilit\u00e0, non\u00a0 scontato, che vi fa onore. Ricevuta la vostra richiesta abbiamo subito&#8230;<\/p>\n","protected":false},"author":2,"featured_media":269135,"comment_status":"closed","ping_status":"open","sticky":false,"template":"","format":"standard","meta":[],"categories":[49,52],"tags":[],"_links":{"self":[{"href":"https:\/\/www.cronacaonline.it\/index.php\/wp-json\/wp\/v2\/posts\/270399"}],"collection":[{"href":"https:\/\/www.cronacaonline.it\/index.php\/wp-json\/wp\/v2\/posts"}],"about":[{"href":"https:\/\/www.cronacaonline.it\/index.php\/wp-json\/wp\/v2\/types\/post"}],"author":[{"embeddable":true,"href":"https:\/\/www.cronacaonline.it\/index.php\/wp-json\/wp\/v2\/users\/2"}],"replies":[{"embeddable":true,"href":"https:\/\/www.cronacaonline.it\/index.php\/wp-json\/wp\/v2\/comments?post=270399"}],"version-history":[{"count":1,"href":"https:\/\/www.cronacaonline.it\/index.php\/wp-json\/wp\/v2\/posts\/270399\/revisions"}],"predecessor-version":[{"id":270400,"href":"https:\/\/www.cronacaonline.it\/index.php\/wp-json\/wp\/v2\/posts\/270399\/revisions\/270400"}],"wp:featuredmedia":[{"embeddable":true,"href":"https:\/\/www.cronacaonline.it\/index.php\/wp-json\/wp\/v2\/media\/269135"}],"wp:attachment":[{"href":"https:\/\/www.cronacaonline.it\/index.php\/wp-json\/wp\/v2\/media?parent=270399"}],"wp:term":[{"taxonomy":"category","embeddable":true,"href":"https:\/\/www.cronacaonline.it\/index.php\/wp-json\/wp\/v2\/categories?post=270399"},{"taxonomy":"post_tag","embeddable":true,"href":"https:\/\/www.cronacaonline.it\/index.php\/wp-json\/wp\/v2\/tags?post=270399"}],"curies":[{"name":"wp","href":"https:\/\/api.w.org\/{rel}","templated":true}]}}