{"id":270351,"date":"2026-03-06T10:36:17","date_gmt":"2026-03-06T09:36:17","guid":{"rendered":"https:\/\/www.cronacaonline.it\/?p=270351"},"modified":"2026-03-06T10:36:18","modified_gmt":"2026-03-06T09:36:18","slug":"lhub-unico-del-farmaco-arriva-al-policlinico-e-al-san-giovanni-di-dio-il-progetto-punta-a-un-sistema-omogeneo-e-centralizzato-che-ottimizza-il-flusso-dei-farmaci-e-dei-dispositivi-medici-rendendol","status":"publish","type":"post","link":"https:\/\/www.cronacaonline.it\/index.php\/2026\/03\/06\/lhub-unico-del-farmaco-arriva-al-policlinico-e-al-san-giovanni-di-dio-il-progetto-punta-a-un-sistema-omogeneo-e-centralizzato-che-ottimizza-il-flusso-dei-farmaci-e-dei-dispositivi-medici-rendendol\/","title":{"rendered":"L&#8217;Hub unico del Farmaco arriva al Policlinico e al San Giovanni di Dio. Il progetto punta a un sistema omogeneo e centralizzato che ottimizza il flusso dei farmaci e dei dispositivi medici, rendendoli sicuri e sempre disponibili."},"content":{"rendered":"\n<p><strong>Cagliari 6 Mar 2026 -\u00a0<\/strong>L\u2019Azienda ospedaliero-universitaria di Cagliari\u00a0<strong>entra a far parte dell\u2019Hub unico del Farmaco<\/strong>, il progetto regionale che mira a rendere i famaci e i dispositivi medici sempre disponibili e sicuri. Il servizio, che ha gi\u00e0 coinvolto altre realt\u00e0 ospedaliere del territorio, punta ad omogeneizzare, reingegnerizzare e ottimizzare i flussi logistici all'interno del sistema regionale e ora coinvolge tutte le unit\u00e0 operative dell'Azienda ospedaliero-universitaria del capoluogo sardo.<\/p>\n\n\n\n<p>L\u2019Hub gestisce e distribuisce in maniera centralizzata e uniforme i farmaci e i dispositivi medici a tutte le strutture del Servizio Sanitario Regionale. La nuova organizzazione,&nbsp;<strong>coordinata da Ares Sardegna in sinergia con l'assessorato della Sanit\u00e0<\/strong>&nbsp;e con la collaborazione di tutti i servizi farmaceutici delle Aziende, tra cui quello della Aou di Cagliari, porter\u00e0 a un miglioramento nell'efficienza e nella sicurezza della logistica sanitaria regionale, ottimizzando la gestione di flussi di beni sanitari e garantendo una distribuzione uniforme e tempestiva su tutto il territorio.<\/p>\n\n\n\n<p>Si tratta di un passaggio importante per l\u2019Aou e che \u00e8 stato reso&nbsp;<strong>possibile grazie al lavoro di tante strutture<\/strong>&nbsp;(dalla Farmacia, al Servizio Tecnico, alla Direzione Medica, alla Programmazione e controllo di gestione, agli Affari Generali, al Provveditorato) che hanno collaborato intensamente per raggiungere questo risultato, insieme ovviamente ad Ares.<\/p>\n\n\n\n<p>Per&nbsp;<strong>Vincenzo Serra, direttore generale dell\u2019Aou di Cagliari<\/strong>, \u00abl\u2019attivazione dell\u2019Hub del Farmaco Sud Sardegna rappresenta un momento di&nbsp;<strong>svolta strategica per la sanit\u00e0 sarda&nbsp;<\/strong>che garantisce con la centralizzazione degli approvvigionamenti una&nbsp;<strong>costante disponibilit\u00e0 di medicinali<\/strong>, un efficientamento logistico e una razionalizzazione delle risorse al fine di assicurare un accesso democratico alle cure ai cittadini sardi\u00bb.<\/p>\n\n\n\n<p>\u00abI benefici attesi a livello di sistema sono diversi, sia per i cittadini che per le strutture sanitarie sarde, spiega&nbsp;<strong>Valerio Fadda, direttore Innovation Management, Audit E Processi Organizzativi di Ares<\/strong>. \u00abL\u2019Hub unico del Farmaco \u2013 aggiunge Fadda \u2013 prevede la programmazione e razionalizzazione degli acquisti sulla base dei consumi, che quindi abbattono costi e sprechi, la presenza di locali centralizzati e a norma con volumi e superfici appropriate allo stoccaggio di farmaci e dispositivi medici,&nbsp;<strong>garantendo una maggiore sicurezza<\/strong>. La logistica e la gestione delle scorte sar\u00e0 pi\u00f9 snella e performante rendendo i farmaci sempre reperibili con la garanzia di tracciabilit\u00e0 dei prodotti gestiti e la gestione delle scorte a lotti\u00bb.<\/p>\n\n\n\n<p>Per la Regione Sardegna, dice&nbsp;<strong>Paolo Serra, Direttore SC Hub del Farmaco e HTA di Ares<\/strong>, \u00ab\u00e8 un progetto strategico che mira a dare vita a un nuovo sistema omogeneo e centralizzato.&nbsp;<strong>Un modello di logistica sanitaria innovativo<\/strong>&nbsp;che comprende tre magazzini e due transit-point, per una superficie totale di 13.500 mq (Cagliari 8.200 mq, Nuoro 2.400 mq, Sassari 2.800 mq)\u00bb. Il servizio \u00e8 gestito da Plurima, prosegue Paolo Serra \u00abazienda capofila aggiudicatario della gara, un partner affidabile che opera da oltre 30 anni proponendo servizi di comprovata qualit\u00e0 e innovazione\u00bb. L\u2019Aou di Cagliari, dice&nbsp;<strong>Arianna Cadeddu, direttrice della Farmacia dell\u2019Azienda ospedaliero-universitaria<\/strong>, \u00absi \u00e8 gi\u00e0 dotata da diversi anni di un sistema informatizzato per la prescrizione e la gestione delle scorte dei farmaci, dispone di strumenti tecnologici che consentono un\u2019integrazione efficace e strutturata nel nuovo modello organizzativo dell\u2019Hub esterno del Farmaco\u00bb.<\/p>\n\n\n\n<p>Alla luce dell\u2019avvio del progetto, conclude la direttrice della Farmacia, \u00ab\u00e8 fondamentale&nbsp;<strong>valorizzare pienamente le potenzialit\u00e0 del sistema<\/strong>&nbsp;informatizzato in uso, promuovendone un impiego appropriato, completo e uniforme da parte di tutto il personale coinvolto nei processi prescrittivi e logistici. Un utilizzo rigoroso e consapevole della piattaforma rappresenta infatti un elemento strategico per garantire la tracciabilit\u00e0 dei farmaci, l\u2019accuratezza dei dati, l\u2019ottimizzazione delle scorte e la continuit\u00e0 dell\u2019approvvigionamento\u00bb. Com<\/p>\n","protected":false},"excerpt":{"rendered":"<p>Cagliari 6 Mar 2026 &#8211;\u00a0L\u2019Azienda ospedaliero-universitaria di Cagliari\u00a0entra a far parte dell\u2019Hub unico del Farmaco, il progetto regionale che mira a rendere i famaci e&#8230;<\/p>\n","protected":false},"author":2,"featured_media":246205,"comment_status":"closed","ping_status":"open","sticky":false,"template":"","format":"standard","meta":[],"categories":[49,53],"tags":[],"_links":{"self":[{"href":"https:\/\/www.cronacaonline.it\/index.php\/wp-json\/wp\/v2\/posts\/270351"}],"collection":[{"href":"https:\/\/www.cronacaonline.it\/index.php\/wp-json\/wp\/v2\/posts"}],"about":[{"href":"https:\/\/www.cronacaonline.it\/index.php\/wp-json\/wp\/v2\/types\/post"}],"author":[{"embeddable":true,"href":"https:\/\/www.cronacaonline.it\/index.php\/wp-json\/wp\/v2\/users\/2"}],"replies":[{"embeddable":true,"href":"https:\/\/www.cronacaonline.it\/index.php\/wp-json\/wp\/v2\/comments?post=270351"}],"version-history":[{"count":1,"href":"https:\/\/www.cronacaonline.it\/index.php\/wp-json\/wp\/v2\/posts\/270351\/revisions"}],"predecessor-version":[{"id":270352,"href":"https:\/\/www.cronacaonline.it\/index.php\/wp-json\/wp\/v2\/posts\/270351\/revisions\/270352"}],"wp:featuredmedia":[{"embeddable":true,"href":"https:\/\/www.cronacaonline.it\/index.php\/wp-json\/wp\/v2\/media\/246205"}],"wp:attachment":[{"href":"https:\/\/www.cronacaonline.it\/index.php\/wp-json\/wp\/v2\/media?parent=270351"}],"wp:term":[{"taxonomy":"category","embeddable":true,"href":"https:\/\/www.cronacaonline.it\/index.php\/wp-json\/wp\/v2\/categories?post=270351"},{"taxonomy":"post_tag","embeddable":true,"href":"https:\/\/www.cronacaonline.it\/index.php\/wp-json\/wp\/v2\/tags?post=270351"}],"curies":[{"name":"wp","href":"https:\/\/api.w.org\/{rel}","templated":true}]}}