{"id":270349,"date":"2026-03-06T09:06:40","date_gmt":"2026-03-06T08:06:40","guid":{"rendered":"https:\/\/www.cronacaonline.it\/?p=270349"},"modified":"2026-03-06T09:06:41","modified_gmt":"2026-03-06T08:06:41","slug":"linea-verde-start-sabato-07-marzo-alle-12-00-il-valore-artigiano-di-nuorese-barbagia-e-ogliastra-in-onda-su-rai-1-federico-quaranta-e-confartigianato-nuoro-ogliastra-tra","status":"publish","type":"post","link":"https:\/\/www.cronacaonline.it\/index.php\/2026\/03\/06\/linea-verde-start-sabato-07-marzo-alle-12-00-il-valore-artigiano-di-nuorese-barbagia-e-ogliastra-in-onda-su-rai-1-federico-quaranta-e-confartigianato-nuoro-ogliastra-tra\/","title":{"rendered":"Linea Verde Start \u2013 Sabato 07 marzo alle 12.00 il \u201cvalore artigiano\u201d di nuorese, Barbagia e Ogliastra in onda su Rai 1. Federico Quaranta e Confartigianato Nuoro-Ogliastra tra imprese artigiane e paesaggi inconsueti."},"content":{"rendered":"\n<p>Cagliari, 6 Mar 2026 - Rai 1, il prossimo sabato 7 marzo, sar\u00e0 il palcoscenico televisivo delle piccole imprese artigiane del nuorese, Barbagia e Ogliastra e della storia, dell\u2019ambiente e della cultura del centro Sardegna, in particolare di Nuoro, Oliena, Dorgali e Sarule.<\/p>\n\n\n\n<p>Dalle ore 12.00, infatti, sulla Prima Rete di Stato andr\u00e0 in onda il programma \u201cLinea Verde Start\u201d, condotto dal giornalista Federico Quaranta, storico ideatore della trasmissione radiofonica \u201cDecanter\u201d, realizzato in collaborazione esclusiva con Confartigianato, che racconter\u00e0 l\u2019eccellenza delle realt\u00e0 artigiane e dei territori dove queste operano, rendendo tangibile l'anima dell'artigianalit\u00e0 e l'importanza della tradizione e dell'innovazione nel mondo del \u201csaper fare\u201d.<\/p>\n\n\n\n<p>Linea Verde Start, infatti, nasce come progetto di Confartigianato per mostrare la bellezza dei territori regionali unitamente alle realt\u00e0 produttive del mondo all\u2019Associazione Imprenditoriale, che vivono la tradizione locale e la rielaborano con la capacit\u00e0 delle maestranze artigiane.<\/p>\n\n\n\n<p>La trasmissione si aprir\u00e0 a Oliena con l\u2019intervista a Franco Corrias, artigiano calzolaio e pellettiere, titolare della \u201cCalzoleria Pelletteria Corrias\u201d, e con la visita a Su Gorroppu, la porta del Supramonte.<\/p>\n\n\n\n<p>Successivamente tappa a Dorgali, per il racconto dell\u2019artigiano dei coltelli, Ivan Pira, e del figlio, l\u2019apprendista Cristian Patrizio Pira, nel laboratorio \u201cColtelli Gioiello\u201d.<\/p>\n\n\n\n<p>Poi la videoricetta dello chef Francesco Nanu, che proporr\u00e0 il piatto tipico Gherzos con grano arso, rag\u00f9 di pecora e Fiore Sardo, la musica ancestrale del musicista Gavino Murgia e le immagini della Grotta di Ispinigoli.<\/p>\n\n\n\n<p>La puntata poi continua a Sarule, con l\u2019intervista all\u2019artigiana Graziella Carta e alle maestre tessitrici dello \u201cStudio Pratha\u201d, e prosegue a Nuoro per conoscere i segreti dell\u2019aranzada, prodotto dall\u2019\u201cAntica Fabbrica del Dolce Nuorese\u201d e dall\u2019artigiano pasticcere Giovanni Nicola Pala.<\/p>\n\n\n\n<p>La chiusura della trasmissione \u00e8 stata affidata alle parole Giuseppe Pireddu, Presidente di Confartigianato Nuoro-Ogliastra, che, intervistato da Federico Quaranta, ha raccontato la forza dell\u2019artigianato nuorese e barbaricino, il legame con il territorio e la voglia di sperimentare delle nuove generazioni.<\/p>\n\n\n\n<p>\u201cL'artigianato \u00e8 cultura, \u00e8 arte e altissima professionalit\u00e0 che viene espressa negli infiniti prodotti e settori dell\u2019eccellenza made in Sardegna \u2013 commenta proprio il Presidente di Confartigianato Nuoro-Ogliastra, Giuseppe Pireddu \u2013 e tutto ci\u00f2 lo vedremo in questa puntata dedicata al nostro territorio\u201d. \u201cOrgoglio, passione, manualit\u00e0 e genio sono le caratteristiche dell\u2019artigianato sardo e la vera forza delle nostre imprese \u2013 continua Pireddu\u2013 realt\u00e0 che perlopi\u00f9 sono familiari e proseguono la tradizione dei loro predecessori. Con questa importante iniziativa Confartigianato, in collaborazione con la Rai, d\u00e0 voce e visibilit\u00e0 al nostro mondo artigianale, cos\u00ec unico e valoroso nel creare eccellenze e nel mantenere vive e vitali storia e tradizioni della nostra terra\u201d.<\/p>\n\n\n\n<p>Il programma ci mostrer\u00e0 come nel nuorese arte e artigianato siano ingredienti di una ricetta capace di unire la qualit\u00e0 delle materie prime, il saper fare, la passione, la cura per il dettaglio, le tradizioni connesse all\u2019innovazione, il rispetto delle persone, dei territori, dell\u2019ambiente. Tutti elementi distintivi di quello che Confartigianato chiama \u201cValore Artigiano\u201d.<\/p>\n","protected":false},"excerpt":{"rendered":"<p>Cagliari, 6 Mar 2026 &#8211; Rai 1, il prossimo sabato 7 marzo, sar\u00e0 il palcoscenico televisivo delle piccole imprese artigiane del nuorese, Barbagia e Ogliastra&#8230;<\/p>\n","protected":false},"author":2,"featured_media":269915,"comment_status":"closed","ping_status":"open","sticky":false,"template":"","format":"standard","meta":[],"categories":[49,53],"tags":[],"_links":{"self":[{"href":"https:\/\/www.cronacaonline.it\/index.php\/wp-json\/wp\/v2\/posts\/270349"}],"collection":[{"href":"https:\/\/www.cronacaonline.it\/index.php\/wp-json\/wp\/v2\/posts"}],"about":[{"href":"https:\/\/www.cronacaonline.it\/index.php\/wp-json\/wp\/v2\/types\/post"}],"author":[{"embeddable":true,"href":"https:\/\/www.cronacaonline.it\/index.php\/wp-json\/wp\/v2\/users\/2"}],"replies":[{"embeddable":true,"href":"https:\/\/www.cronacaonline.it\/index.php\/wp-json\/wp\/v2\/comments?post=270349"}],"version-history":[{"count":1,"href":"https:\/\/www.cronacaonline.it\/index.php\/wp-json\/wp\/v2\/posts\/270349\/revisions"}],"predecessor-version":[{"id":270350,"href":"https:\/\/www.cronacaonline.it\/index.php\/wp-json\/wp\/v2\/posts\/270349\/revisions\/270350"}],"wp:featuredmedia":[{"embeddable":true,"href":"https:\/\/www.cronacaonline.it\/index.php\/wp-json\/wp\/v2\/media\/269915"}],"wp:attachment":[{"href":"https:\/\/www.cronacaonline.it\/index.php\/wp-json\/wp\/v2\/media?parent=270349"}],"wp:term":[{"taxonomy":"category","embeddable":true,"href":"https:\/\/www.cronacaonline.it\/index.php\/wp-json\/wp\/v2\/categories?post=270349"},{"taxonomy":"post_tag","embeddable":true,"href":"https:\/\/www.cronacaonline.it\/index.php\/wp-json\/wp\/v2\/tags?post=270349"}],"curies":[{"name":"wp","href":"https:\/\/api.w.org\/{rel}","templated":true}]}}