{"id":270332,"date":"2026-03-05T15:46:03","date_gmt":"2026-03-05T14:46:03","guid":{"rendered":"https:\/\/www.cronacaonline.it\/?p=270332"},"modified":"2026-03-05T15:46:05","modified_gmt":"2026-03-05T14:46:05","slug":"allerta-maltempo-a-cagliari-dalla-serata-di-oggi-giovedi-5-marzo","status":"publish","type":"post","link":"https:\/\/www.cronacaonline.it\/index.php\/2026\/03\/05\/allerta-maltempo-a-cagliari-dalla-serata-di-oggi-giovedi-5-marzo\/","title":{"rendered":"Allerta maltempo a Cagliari dalla serata di oggi gioved\u00ec 5 marzo."},"content":{"rendered":"\n<p>Cagliari, 5 Mar 2026 - Dalle ore 21 e sino alle ore 23.59 di oggi, gioved\u00ec 5, anche il territorio di Cagliari sar\u00e0 interessato da un allerta codice giallo (criticit\u00e0 ordinaria) per rischio idrogeologico; dalle ore 0.00 alle ore 15 di domani, venerd\u00ec 6, l'allerta sar\u00e0 codice arancione (criticit\u00e0 moderata); dalle ore 15 alle ore 18, sempre della giornata di domani, venerd\u00ec 6 marzo 2026, l'allerta torner\u00e0 codice giallo (criticit\u00e0 ordinaria).<\/p>\n\n\n\n<p>L'avviso di criticit\u00e0 per rischio idrogeologico \u00e8 della Protezione Civile regionale, che contestualmente ha diramato un avviso di condizioni meteorologiche avverse per piogge e temporali. \u201cDalle prime ore della giornata di domani, 6 marzo 2026, \u00e8 previsto un peggioramento delle condizioni atmosferiche a partire dalla Sardegna Sud-occidentale e in successiva estensione al resto della Sardegna. Le precipitazioni \u2013 recita testualmente l'avviso - saranno da sparse a diffuse, anche a carattere di rovescio o temporale isolato, con cumulati moderati, fino a localmente elevati sulla Sardegna meridionale e Sud-orientale. La componente temporalesca sar\u00e0 meno importante della componente stratiforme, con i fenomeni pi\u00f9 intensi attesi tra le prime ore del mattino e il pomeriggio. Le ultime corse dei modelli previsionali indicano una attenuazione dei fenomeni a partire dalla serata\u201d.<\/p>\n\n\n\n<p>In via precauzionale, a ulteriore tutela della sicurezza e della salute pubblica, la Protezione Civile del Comune di Cagliari ha individuato le vie del territorio della Municipalit\u00e0 di Pirri dove, durante la fase di allerta moderata, sar\u00e0 vietato parcheggiare (vie: Balilla (dalla piazza Italia sino alla via Dandolo) e traverse; Italia; Dolianova; Sinnai; Settimo; Mara; Donori; Santorre Di Santarosa; Confalonieri; Ampere) e l'area di sosta sicura nella zona della Piscina comunale di Terramaini in via Pisano.<\/p>\n\n\n\n<p>Pertanto, l'Amministrazione invita le cittadine e i cittadini alla prudenza e a seguire gli aggiornamenti sui canali ufficiali del Comune di Cagliari.<\/p>\n","protected":false},"excerpt":{"rendered":"<p>Cagliari, 5 Mar 2026 &#8211; Dalle ore 21 e sino alle ore 23.59 di oggi, gioved\u00ec 5, anche il territorio di Cagliari sar\u00e0 interessato da&#8230;<\/p>\n","protected":false},"author":2,"featured_media":269896,"comment_status":"closed","ping_status":"open","sticky":false,"template":"","format":"standard","meta":[],"categories":[49,54],"tags":[],"_links":{"self":[{"href":"https:\/\/www.cronacaonline.it\/index.php\/wp-json\/wp\/v2\/posts\/270332"}],"collection":[{"href":"https:\/\/www.cronacaonline.it\/index.php\/wp-json\/wp\/v2\/posts"}],"about":[{"href":"https:\/\/www.cronacaonline.it\/index.php\/wp-json\/wp\/v2\/types\/post"}],"author":[{"embeddable":true,"href":"https:\/\/www.cronacaonline.it\/index.php\/wp-json\/wp\/v2\/users\/2"}],"replies":[{"embeddable":true,"href":"https:\/\/www.cronacaonline.it\/index.php\/wp-json\/wp\/v2\/comments?post=270332"}],"version-history":[{"count":1,"href":"https:\/\/www.cronacaonline.it\/index.php\/wp-json\/wp\/v2\/posts\/270332\/revisions"}],"predecessor-version":[{"id":270333,"href":"https:\/\/www.cronacaonline.it\/index.php\/wp-json\/wp\/v2\/posts\/270332\/revisions\/270333"}],"wp:featuredmedia":[{"embeddable":true,"href":"https:\/\/www.cronacaonline.it\/index.php\/wp-json\/wp\/v2\/media\/269896"}],"wp:attachment":[{"href":"https:\/\/www.cronacaonline.it\/index.php\/wp-json\/wp\/v2\/media?parent=270332"}],"wp:term":[{"taxonomy":"category","embeddable":true,"href":"https:\/\/www.cronacaonline.it\/index.php\/wp-json\/wp\/v2\/categories?post=270332"},{"taxonomy":"post_tag","embeddable":true,"href":"https:\/\/www.cronacaonline.it\/index.php\/wp-json\/wp\/v2\/tags?post=270332"}],"curies":[{"name":"wp","href":"https:\/\/api.w.org\/{rel}","templated":true}]}}