{"id":269146,"date":"2026-01-27T17:26:34","date_gmt":"2026-01-27T16:26:34","guid":{"rendered":"https:\/\/www.cronacaonline.it\/?p=269146"},"modified":"2026-01-27T17:26:37","modified_gmt":"2026-01-27T16:26:37","slug":"maltempo-sardegna-rischio-idrogeologico-e-idraulico-codice-giallo-e-condizioni-meteo-avverse-per-vento-e-mareggiate-anche-a-cagliari","status":"publish","type":"post","link":"https:\/\/www.cronacaonline.it\/index.php\/2026\/01\/27\/maltempo-sardegna-rischio-idrogeologico-e-idraulico-codice-giallo-e-condizioni-meteo-avverse-per-vento-e-mareggiate-anche-a-cagliari\/","title":{"rendered":"Maltempo Sardegna &#8211; Rischio idrogeologico e idraulico (codice giallo) e condizioni meteo avverse per vento e mareggiate anche a Cagliari."},"content":{"rendered":"\n<p>Cagliari, 27 Gen 2026 - Sino alle ore 23.59 di mercoled\u00ec 28 gennaio 2026, allerta codice giallo - criticit\u00e0 ordinaria per rischio idrogeologico e idraulico anche nel territorio di Cagliari.<\/p>\n\n\n\n<p>Dalle ore 0.00 di mercoled\u00ec 28 e sino alle ore 15 di gioved\u00ec 29 gennaio 2026, sono inoltre previste condimeteo avverse per vento e mareggiate: \u201cUn minimo depressionario in transito dal Golfo Del Leone verso il Golfo Ligure, determina nelle prime ore di mercoled\u00ec 28 una prima intensificazione della ventilazione da Sud-Ovest. Nel corso della serata un secondo minimo barico, pi\u00f9 profondo, transiter\u00e0 dal Mar di Sardegna verso il Tirreno, causando un ulteriore intensificazione della ventilazione sino al pomeriggio di gioved\u00ec 29\u201d.<\/p>\n\n\n\n<p>Cos\u00ec gli avvisi diramati dalla Protezione Civile regionale.<\/p>\n\n\n\n<p>A ulteriore tutela della sicurezza e della salute pubblica, la Protezione Civile del Comune di Cagliari ha individuato le vie di Pirri dove \u00e8 opportuno evitare di parcheggiare e l'area di sosta sicura nella zona della Piscina comunale di Terramaini in via Pisano.&nbsp;Inoltre, nelle coste esposte a Sud-Ovest raccomanda: evitare il litorale, le spiagge, i moli, i pontili e le strade costiere; non fare il bagno e non usare imbarcazioni; mettere in sicurezza le barche e le strutture e attrezzature presenti sulle spiagge e nelle aree&nbsp;portuali. Com<\/p>\n","protected":false},"excerpt":{"rendered":"<p>Cagliari, 27 Gen 2026 &#8211; Sino alle ore 23.59 di mercoled\u00ec 28 gennaio 2026, allerta codice giallo &#8211; criticit\u00e0 ordinaria per rischio idrogeologico e idraulico&#8230;<\/p>\n","protected":false},"author":2,"featured_media":195160,"comment_status":"closed","ping_status":"open","sticky":false,"template":"","format":"standard","meta":[],"categories":[49,53],"tags":[],"_links":{"self":[{"href":"https:\/\/www.cronacaonline.it\/index.php\/wp-json\/wp\/v2\/posts\/269146"}],"collection":[{"href":"https:\/\/www.cronacaonline.it\/index.php\/wp-json\/wp\/v2\/posts"}],"about":[{"href":"https:\/\/www.cronacaonline.it\/index.php\/wp-json\/wp\/v2\/types\/post"}],"author":[{"embeddable":true,"href":"https:\/\/www.cronacaonline.it\/index.php\/wp-json\/wp\/v2\/users\/2"}],"replies":[{"embeddable":true,"href":"https:\/\/www.cronacaonline.it\/index.php\/wp-json\/wp\/v2\/comments?post=269146"}],"version-history":[{"count":1,"href":"https:\/\/www.cronacaonline.it\/index.php\/wp-json\/wp\/v2\/posts\/269146\/revisions"}],"predecessor-version":[{"id":269147,"href":"https:\/\/www.cronacaonline.it\/index.php\/wp-json\/wp\/v2\/posts\/269146\/revisions\/269147"}],"wp:featuredmedia":[{"embeddable":true,"href":"https:\/\/www.cronacaonline.it\/index.php\/wp-json\/wp\/v2\/media\/195160"}],"wp:attachment":[{"href":"https:\/\/www.cronacaonline.it\/index.php\/wp-json\/wp\/v2\/media?parent=269146"}],"wp:term":[{"taxonomy":"category","embeddable":true,"href":"https:\/\/www.cronacaonline.it\/index.php\/wp-json\/wp\/v2\/categories?post=269146"},{"taxonomy":"post_tag","embeddable":true,"href":"https:\/\/www.cronacaonline.it\/index.php\/wp-json\/wp\/v2\/tags?post=269146"}],"curies":[{"name":"wp","href":"https:\/\/api.w.org\/{rel}","templated":true}]}}