{"id":269091,"date":"2026-01-26T15:50:49","date_gmt":"2026-01-26T14:50:49","guid":{"rendered":"https:\/\/www.cronacaonline.it\/?p=269091"},"modified":"2026-01-26T15:50:51","modified_gmt":"2026-01-26T14:50:51","slug":"nuova-allerta-di-codice-giallo-sino-alle-ore-23-59-di-martedi-27-gennaio-2026","status":"publish","type":"post","link":"https:\/\/www.cronacaonline.it\/index.php\/2026\/01\/26\/nuova-allerta-di-codice-giallo-sino-alle-ore-23-59-di-martedi-27-gennaio-2026\/","title":{"rendered":"Nuova allerta di codice giallo sino alle ore 23.59 di marted\u00ec 27 gennaio 2026."},"content":{"rendered":"\n<p>Cagliari, 26 Gen 2026 - Prosegue sino alle 23.59 di domani, marted\u00ec 27 gennaio 2026, l\u2019allerta di codice giallo (criticit\u00e0 ordinaria) anche sul Campidano e sul territorio di Cagliari, secondo quanto comunicato dal nuovo avviso della Protezione civile regionale.<\/p>\n\n\n\n<p>L'avviso segnala in particolare rischio idrogeologico sino alle 21 di oggi, luned\u00ec 26, e dalle 18 alle 23:59 di domani, marted\u00ec 27 gennaio, e rischio idraulico sino alle ore 3 di marted\u00ec 27 gennaio.<\/p>\n\n\n\n<p>Prorogate anche le misure particolari per il territorio di Pirri, con l\u2019avviso di oggi della Protezione civile del Comune di Cagliari.<\/p>\n","protected":false},"excerpt":{"rendered":"<p>Cagliari, 26 Gen 2026 &#8211; Prosegue sino alle 23.59 di domani, marted\u00ec 27 gennaio 2026, l\u2019allerta di codice giallo (criticit\u00e0 ordinaria) anche sul Campidano e&#8230;<\/p>\n","protected":false},"author":2,"featured_media":234640,"comment_status":"closed","ping_status":"open","sticky":false,"template":"","format":"standard","meta":[],"categories":[49,53],"tags":[],"_links":{"self":[{"href":"https:\/\/www.cronacaonline.it\/index.php\/wp-json\/wp\/v2\/posts\/269091"}],"collection":[{"href":"https:\/\/www.cronacaonline.it\/index.php\/wp-json\/wp\/v2\/posts"}],"about":[{"href":"https:\/\/www.cronacaonline.it\/index.php\/wp-json\/wp\/v2\/types\/post"}],"author":[{"embeddable":true,"href":"https:\/\/www.cronacaonline.it\/index.php\/wp-json\/wp\/v2\/users\/2"}],"replies":[{"embeddable":true,"href":"https:\/\/www.cronacaonline.it\/index.php\/wp-json\/wp\/v2\/comments?post=269091"}],"version-history":[{"count":1,"href":"https:\/\/www.cronacaonline.it\/index.php\/wp-json\/wp\/v2\/posts\/269091\/revisions"}],"predecessor-version":[{"id":269092,"href":"https:\/\/www.cronacaonline.it\/index.php\/wp-json\/wp\/v2\/posts\/269091\/revisions\/269092"}],"wp:featuredmedia":[{"embeddable":true,"href":"https:\/\/www.cronacaonline.it\/index.php\/wp-json\/wp\/v2\/media\/234640"}],"wp:attachment":[{"href":"https:\/\/www.cronacaonline.it\/index.php\/wp-json\/wp\/v2\/media?parent=269091"}],"wp:term":[{"taxonomy":"category","embeddable":true,"href":"https:\/\/www.cronacaonline.it\/index.php\/wp-json\/wp\/v2\/categories?post=269091"},{"taxonomy":"post_tag","embeddable":true,"href":"https:\/\/www.cronacaonline.it\/index.php\/wp-json\/wp\/v2\/tags?post=269091"}],"curies":[{"name":"wp","href":"https:\/\/api.w.org\/{rel}","templated":true}]}}