{"id":268936,"date":"2026-01-21T15:37:30","date_gmt":"2026-01-21T14:37:30","guid":{"rendered":"https:\/\/www.cronacaonline.it\/?p=268936"},"modified":"2026-01-21T15:37:32","modified_gmt":"2026-01-21T14:37:32","slug":"il-nuovo-bollettino-diramato-dalla-protezione-civile-regionale-e-in-vigore-dalle-14-di-mercoledi-21-gennaio-e-fino-alle-alle-2359-di-giovedi-22-per-rischio-idrogeologico-e-fino-alle-12-di-giovedi-22","status":"publish","type":"post","link":"https:\/\/www.cronacaonline.it\/index.php\/2026\/01\/21\/il-nuovo-bollettino-diramato-dalla-protezione-civile-regionale-e-in-vigore-dalle-14-di-mercoledi-21-gennaio-e-fino-alle-alle-2359-di-giovedi-22-per-rischio-idrogeologico-e-fino-alle-12-di-giovedi-22\/","title":{"rendered":"Il nuovo bollettino diramato dalla Protezione Civile regionale \u00e8 in vigore dalle 14 di mercoled\u00ec 21 gennaio e fino alle alle 23,59 di gioved\u00ec 22 per rischio idrogeologico e fino alle 12 di gioved\u00ec 22 gennaio per rischio idraulico."},"content":{"rendered":"\n<p>Cagliari, 21 Gen 2026 - Situazione meteo in miglioramento: l\u2019Allerta \u00e8 stata declassata a Gialla - Criticit\u00e0 Ordinaria. Infatti la Protezione Civile regionale ha declassato, con un nuovo bollettino in vigore dalle 14 di oggi, mercoled\u00ec 21 gennaio 2026, la criticit\u00e0 dell\u2019Allerta per rischio idrogeologico (fino alle 23,59 di gioved\u00ec 22) e per rischio idraulico (fino alle 12 di gioved\u00ec 22) che passa da Elevata - Colore Rosso a Ordinaria - Colore Giallo.<\/p>\n\n\n\n<p>In vigore fino alle 18 di oggi, mercoled\u00ec 21, il bollettino di vigilanza meteorologica per pioggia e temporali.<\/p>\n\n\n\n<p>Il Servizio di Protezione Civile del Comune di Cagliari ha reso note le norme di comportamento che interessano gli abitanti della Municipalit\u00e0 di Pirri, in modo da evitare possibili situazioni di pericolo per l\u2019incolumit\u00e0 pubblica.<\/p>\n\n\n\n<p>Secondo gli avvisi \u00e8 opportuno evitare&nbsp;di parcheggiare nelle vie: Balilla (dalla Piazza Italia sino alla via Dandolo) e traverse, Italia, Dolianova, Sinnai, Settimo, Mara, Donori, Santorre Di Santarosa, Confalonieri e Ampere.<\/p>\n\n\n\n<p>Le auto parcheggiate nelle sopraccitate vie possono essere spostate nel parcheggio della piscina di Terramaini in via Pisano.<\/p>\n\n\n\n<p>Con l'obiettivo di tutelare ulteriormente la sicurezza e l'incolumit\u00e0 pubblica, in presenza di fenomeni temporaleschi i cittadini sono inoltre invitati a prestare la massima attenzione e ad attivare le misure di autoprotezione.<\/p>\n","protected":false},"excerpt":{"rendered":"<p>Cagliari, 21 Gen 2026 &#8211; Situazione meteo in miglioramento: l\u2019Allerta \u00e8 stata declassata a Gialla &#8211; Criticit\u00e0 Ordinaria. Infatti la Protezione Civile regionale ha declassato,&#8230;<\/p>\n","protected":false},"author":2,"featured_media":268179,"comment_status":"closed","ping_status":"open","sticky":false,"template":"","format":"standard","meta":[],"categories":[49,53],"tags":[],"_links":{"self":[{"href":"https:\/\/www.cronacaonline.it\/index.php\/wp-json\/wp\/v2\/posts\/268936"}],"collection":[{"href":"https:\/\/www.cronacaonline.it\/index.php\/wp-json\/wp\/v2\/posts"}],"about":[{"href":"https:\/\/www.cronacaonline.it\/index.php\/wp-json\/wp\/v2\/types\/post"}],"author":[{"embeddable":true,"href":"https:\/\/www.cronacaonline.it\/index.php\/wp-json\/wp\/v2\/users\/2"}],"replies":[{"embeddable":true,"href":"https:\/\/www.cronacaonline.it\/index.php\/wp-json\/wp\/v2\/comments?post=268936"}],"version-history":[{"count":1,"href":"https:\/\/www.cronacaonline.it\/index.php\/wp-json\/wp\/v2\/posts\/268936\/revisions"}],"predecessor-version":[{"id":268937,"href":"https:\/\/www.cronacaonline.it\/index.php\/wp-json\/wp\/v2\/posts\/268936\/revisions\/268937"}],"wp:featuredmedia":[{"embeddable":true,"href":"https:\/\/www.cronacaonline.it\/index.php\/wp-json\/wp\/v2\/media\/268179"}],"wp:attachment":[{"href":"https:\/\/www.cronacaonline.it\/index.php\/wp-json\/wp\/v2\/media?parent=268936"}],"wp:term":[{"taxonomy":"category","embeddable":true,"href":"https:\/\/www.cronacaonline.it\/index.php\/wp-json\/wp\/v2\/categories?post=268936"},{"taxonomy":"post_tag","embeddable":true,"href":"https:\/\/www.cronacaonline.it\/index.php\/wp-json\/wp\/v2\/tags?post=268936"}],"curies":[{"name":"wp","href":"https:\/\/api.w.org\/{rel}","templated":true}]}}