{"id":268866,"date":"2026-01-19T16:43:46","date_gmt":"2026-01-19T15:43:46","guid":{"rendered":"https:\/\/www.cronacaonline.it\/?p=268866"},"modified":"2026-01-19T16:43:48","modified_gmt":"2026-01-19T15:43:48","slug":"prorogata-fino-alle-2359-del-20-gennaio-2026-lallerta-rossa-per-rischio-idrogeologico-in-sardegna","status":"publish","type":"post","link":"https:\/\/www.cronacaonline.it\/index.php\/2026\/01\/19\/prorogata-fino-alle-2359-del-20-gennaio-2026-lallerta-rossa-per-rischio-idrogeologico-in-sardegna\/","title":{"rendered":"Prorogata fino alle 23,59 del 20 gennaio 2026 l\u2019Allerta Rossa per rischio idrogeologico in Sardegna."},"content":{"rendered":"\n<p>Cagliari, 19 Gen 2026 - Prorogata la validit\u00e0 dell\u2019Allerta per rischio idrogeologico con criticit\u00e0 Elevata - Colore Rosso, che sar\u00e0 in vigore anche per la zona di Cagliari e per tutto il Campidano fino alle 23,59 di marted\u00ec 20 gennaio 2026.<\/p>\n\n\n\n<p>Nell\u2019Avviso \u00e8 precisato anche che, per lo stesso arco temporale e geografico, l\u2019Allerta \u00e8 stata classificata in Moderata (colore Arancione) per rischio idraulico e in Ordinaria (colore Giallo) per rischio idrogeologico per temporali.<\/p>\n\n\n\n<p>In vigore fino alle 12 di mercoled\u00ec 21, il bollettino di vigilanza meteorologica per pioggia, temporali, vento e mareggiate.<\/p>\n\n\n\n<p>Il Servizio di Protezione Civile del Comune di Cagliari ha, inoltre, reso note le norme di comportamento che interessano gli abitanti della Municipalit\u00e0 di Pirri, in modo da evitare possibili situazioni di pericolo per l\u2019incolumit\u00e0 pubblica.<\/p>\n\n\n\n<p>Secondo l'Avviso \u00e8 fatto divieto di parcheggiare nelle vie: Balilla (dalla Piazza Italia sino alla via Dandolo) e traverse, Italia, Dolianova, Sinnai, Settimo, Mara, Donori, Santorre Di Santarosa, Confalonieri e Ampere.<\/p>\n\n\n\n<p>Le auto parcheggiate nelle sopraccitate vie possono essere spostate nel parcheggio della piscina di Terramaini in via Pisano.<\/p>\n","protected":false},"excerpt":{"rendered":"<p>Cagliari, 19 Gen 2026 &#8211; Prorogata la validit\u00e0 dell\u2019Allerta per rischio idrogeologico con criticit\u00e0 Elevata &#8211; Colore Rosso, che sar\u00e0 in vigore anche per la&#8230;<\/p>\n","protected":false},"author":2,"featured_media":234640,"comment_status":"closed","ping_status":"open","sticky":false,"template":"","format":"standard","meta":[],"categories":[49,53],"tags":[],"_links":{"self":[{"href":"https:\/\/www.cronacaonline.it\/index.php\/wp-json\/wp\/v2\/posts\/268866"}],"collection":[{"href":"https:\/\/www.cronacaonline.it\/index.php\/wp-json\/wp\/v2\/posts"}],"about":[{"href":"https:\/\/www.cronacaonline.it\/index.php\/wp-json\/wp\/v2\/types\/post"}],"author":[{"embeddable":true,"href":"https:\/\/www.cronacaonline.it\/index.php\/wp-json\/wp\/v2\/users\/2"}],"replies":[{"embeddable":true,"href":"https:\/\/www.cronacaonline.it\/index.php\/wp-json\/wp\/v2\/comments?post=268866"}],"version-history":[{"count":1,"href":"https:\/\/www.cronacaonline.it\/index.php\/wp-json\/wp\/v2\/posts\/268866\/revisions"}],"predecessor-version":[{"id":268867,"href":"https:\/\/www.cronacaonline.it\/index.php\/wp-json\/wp\/v2\/posts\/268866\/revisions\/268867"}],"wp:featuredmedia":[{"embeddable":true,"href":"https:\/\/www.cronacaonline.it\/index.php\/wp-json\/wp\/v2\/media\/234640"}],"wp:attachment":[{"href":"https:\/\/www.cronacaonline.it\/index.php\/wp-json\/wp\/v2\/media?parent=268866"}],"wp:term":[{"taxonomy":"category","embeddable":true,"href":"https:\/\/www.cronacaonline.it\/index.php\/wp-json\/wp\/v2\/categories?post=268866"},{"taxonomy":"post_tag","embeddable":true,"href":"https:\/\/www.cronacaonline.it\/index.php\/wp-json\/wp\/v2\/tags?post=268866"}],"curies":[{"name":"wp","href":"https:\/\/api.w.org\/{rel}","templated":true}]}}