{"id":268370,"date":"2026-01-02T08:14:10","date_gmt":"2026-01-02T07:14:10","guid":{"rendered":"https:\/\/www.cronacaonline.it\/?p=268370"},"modified":"2026-01-02T08:14:13","modified_gmt":"2026-01-02T07:14:13","slug":"aou-sassari-nascite-2025-meno-culle-gravidanze-sempre-piu-complesse-la-clinica-ostetrica-dellaou-di-sassari-e-il-primo-punto-nascita-della-sardegna-in-termini-assoluti-ma-nel-2025-ci-sono","status":"publish","type":"post","link":"https:\/\/www.cronacaonline.it\/index.php\/2026\/01\/02\/aou-sassari-nascite-2025-meno-culle-gravidanze-sempre-piu-complesse-la-clinica-ostetrica-dellaou-di-sassari-e-il-primo-punto-nascita-della-sardegna-in-termini-assoluti-ma-nel-2025-ci-sono\/","title":{"rendered":"Aou Sassari, nascite 2025: meno culle, gravidanze sempre pi\u00f9 complesse. La Clinica ostetrica dell\u2019Aou di Sassari \u00e8 il primo punto nascita della Sardegna in termini assoluti ma nel 2025 ci sono stati meno parti rispetto al 2024."},"content":{"rendered":"\n<p>Sassari, 2 Gen 2026 - Meno culle, ma pi\u00f9 complessit\u00e0 clinica. \u00c8 la fotografia che emerge dai\u00a0dati 2025 dell\u2019Aou di Sassari, dove il calo delle nascite si intreccia con l\u2019aumento delle gravidanze a rischio e delle richieste di assistenza specialistica. Un segnale locale che riflette un fenomeno nazionale: l\u2019inverno demografico avanza, mentre la sanit\u00e0 pubblica diventa sempre pi\u00f9 centrale nel sostenere la maternit\u00e0.<\/p>\n\n\n\n<p>Il 2025 si chiude con 1.332 nati, circa novanta in meno rispetto al 2024. In particolare, i maschi sono 704 (nel 2024 erano 731), le femmine 625 (nel 2024 erano 678).<\/p>\n\n\n\n<p>\u00abNonostante il calo che abbiamo registrato nell\u2019anno appena trascorso, la Clinica ostetrica dell\u2019Aou di Sassari rappresenta il primo punto nascita della Sardegna come valore assoluto. L\u2019inverno demografico \u00e8 il risultato di cambiamenti profondi della nostra societ\u00e0. Le donne arrivano alla maternit\u00e0 in et\u00e0 sempre pi\u00f9 avanzata e spesso dopo percorsi complessi. Il nostro compito \u00e8 garantire un\u2019assistenza sicura e altamente qualificata, soprattutto per le gravidanze pi\u00f9 fragili\u00bb, ha dichiarato il professor&nbsp;Giampiero Capobianco, direttore della&nbsp;Clinica Ostetrica e Ginecologica&nbsp;dell\u2019Azienda ospedaliero universitaria di Sassari.&nbsp;<\/p>\n\n\n\n<p>L\u2019inverno demografico&nbsp;\u00e8 un\u2019espressione che non indica un calo episodico, ma una tendenza di lungo periodo in cui le nascite continuano a diminuire e non riescono pi\u00f9 a compensare il numero dei decessi.<\/p>\n\n\n\n<p>Non si tratta di una dinamica locale, ma di un quadro che accomuna l\u2019Italia e gran parte dell\u2019Europa.&nbsp;Alla base del calo delle nascite concorrono fattori demografici, economici e sociali strettamente intrecciati. Le donne diventano madri sempre pi\u00f9 tardi, con un\u2019et\u00e0 media che si sposta progressivamente oltre i 35 anni, incidendo sulla fertilit\u00e0 biologica e sulla possibilit\u00e0 di avere pi\u00f9 figli. Allo stesso tempo, pesano la precariet\u00e0 lavorativa, le difficolt\u00e0 di conciliazione tra lavoro e famiglia, la carenza di servizi per l\u2019infanzia e un sistema di&nbsp;welfare&nbsp;che spesso non riesce a sostenere concretamente il progetto genitoriale.&nbsp;<\/p>\n\n\n\n<p>A questi elementi si affianca un cambiamento culturale profondo: la genitorialit\u00e0 non \u00e8 pi\u00f9 un passaggio scontato, ma una scelta ponderata, spesso rimandata, in un contesto percepito come incerto. Ne deriva un aumento delle gravidanze pi\u00f9 fragili e medicalmente complesse, che richiedono un\u2019assistenza altamente specializzata.&nbsp;<\/p>\n\n\n\n<p>Da un\u2019analisi dei dati emerge inoltre che i parti avvenuti in modo spontaneo sono stati 702, mentre sono 558 i tagli cesarei. I parti gemellari sono stati 27, leggermente superiori all\u2019anno precedente che erano 23. Il&nbsp;fattore multiculturale&nbsp;rappresenta circa il 9% dei parti con 111 nuovi nati (numero inferiore al 2024 pari a 117), con una presenza significativa di madri provenienti in particolare da&nbsp;Romania&nbsp;(17) e&nbsp;Senegal&nbsp;(11), seguiti da Bangladesh (9), Marocco (8), Nigeria (7), Cina (7), Pakistan (4), Tunisia (4), Repubblica Ceca (3), Albania (3), Ucraina (3), Moldavia (3), Polonia (3), Francia&nbsp;<a>(2),&nbsp;<\/a>Bolivia, (2), &nbsp;Slovacchia (2), Argentina (2), Lettonia (2), &nbsp;Equador (2). Infine si registra una sola nascita per le madri provenienti dai seguenti Stati: Eritrea, Spagna, Cuba, Giappone, Portogallo, Messico, Australia, Per\u00f9, Filippine, Croazia, Usa, Russia, Brasile, Macedonia, Costa d\u2019Avorio, Ungheria e Algeria.&nbsp;<\/p>\n\n\n\n<p>\u00abSignificativo l\u2019aumento dei parti in analgesia, che hanno raggiunto&nbsp;quota 421 rispetto ai&nbsp;351 nel 2024&nbsp;e ai 296 dell\u2019anno 2023: un dato che rappresenta&nbsp;un passo avanti importante in termini di umanizzazione delle cure e di libert\u00e0 di scelta. Ringrazio per questo l\u2019equipe anestesiologica medica, ostetrica ed infermieristica\u00bb, ha sottolineato il direttore della Clinica ostetrica.&nbsp;&nbsp;<\/p>\n\n\n\n<p>La&nbsp;Procreazione Medicalmente Assistita&nbsp;(PMA) continua a registrare una crescita delle richieste, ma l\u2019et\u00e0 resta un fattore decisivo. Il centro dell\u2019Aou di Sassari\u2013 uno dei tre poli pubblici della Sardegna \u2013 ha effettuato pi\u00f9 cicli nel 2025&nbsp;rispetto al 2024, di cui la maggior parte ad alta complessit\u00e0 con prelievo&nbsp;ovocitario\/ecoguidato e fecondazione in vitro (ICSI) con l\u2019ausilio dell\u2019Embryoscope (time-lapse imaging system)&nbsp;apparecchio che utilizza l\u2019intelligenza artificiale.<\/p>\n\n\n\n<p>I tassi di successo restano fortemente influenzati dall\u2019et\u00e0 delle pazienti: l\u2019et\u00e0 media delle donne che si rivolgono al centro \u00e8 di circa 38 anni, con percorsi di&nbsp;counseling&nbsp;sempre pi\u00f9 orientati alle donne intorno ai 40 anni. Oltre all\u2019et\u00e0, incidono anche fattori ambientali e stili di vita.&nbsp;<\/p>\n\n\n\n<p>\u00abNonostante il calo delle nascite, il Materno infantile di viale San Pietro si conferma punto di riferimento per tutto il centro-nord della Sardegna per la gestione delle gravidanze complesse e dei parti pretermine, grazie alla presenza nella nostra azienda della Neonatologia e della Terapia Intensiva Neonatale (TIN) \u2013 ha concluso il&nbsp;professor Capobianco \u2013&nbsp;Meno nascite non significa minore impegno. Al contrario, oggi assistiamo a gravidanze pi\u00f9 complesse che richiedono competenze specialistiche, tecnologie avanzate e una presa in carico attenta della donna e della coppia. La sanit\u00e0 pubblica ha un ruolo fondamentale nel sostenere la maternit\u00e0 in questo nuovo contesto demografico\u00bb. Com<\/p>\n","protected":false},"excerpt":{"rendered":"<p>Sassari, 2 Gen 2026 &#8211; Meno culle, ma pi\u00f9 complessit\u00e0 clinica. \u00c8 la fotografia che emerge dai\u00a0dati 2025 dell\u2019Aou di Sassari, dove il calo delle&#8230;<\/p>\n","protected":false},"author":2,"featured_media":268371,"comment_status":"closed","ping_status":"open","sticky":false,"template":"","format":"standard","meta":[],"categories":[49,53],"tags":[],"_links":{"self":[{"href":"https:\/\/www.cronacaonline.it\/index.php\/wp-json\/wp\/v2\/posts\/268370"}],"collection":[{"href":"https:\/\/www.cronacaonline.it\/index.php\/wp-json\/wp\/v2\/posts"}],"about":[{"href":"https:\/\/www.cronacaonline.it\/index.php\/wp-json\/wp\/v2\/types\/post"}],"author":[{"embeddable":true,"href":"https:\/\/www.cronacaonline.it\/index.php\/wp-json\/wp\/v2\/users\/2"}],"replies":[{"embeddable":true,"href":"https:\/\/www.cronacaonline.it\/index.php\/wp-json\/wp\/v2\/comments?post=268370"}],"version-history":[{"count":1,"href":"https:\/\/www.cronacaonline.it\/index.php\/wp-json\/wp\/v2\/posts\/268370\/revisions"}],"predecessor-version":[{"id":268372,"href":"https:\/\/www.cronacaonline.it\/index.php\/wp-json\/wp\/v2\/posts\/268370\/revisions\/268372"}],"wp:featuredmedia":[{"embeddable":true,"href":"https:\/\/www.cronacaonline.it\/index.php\/wp-json\/wp\/v2\/media\/268371"}],"wp:attachment":[{"href":"https:\/\/www.cronacaonline.it\/index.php\/wp-json\/wp\/v2\/media?parent=268370"}],"wp:term":[{"taxonomy":"category","embeddable":true,"href":"https:\/\/www.cronacaonline.it\/index.php\/wp-json\/wp\/v2\/categories?post=268370"},{"taxonomy":"post_tag","embeddable":true,"href":"https:\/\/www.cronacaonline.it\/index.php\/wp-json\/wp\/v2\/tags?post=268370"}],"curies":[{"name":"wp","href":"https:\/\/api.w.org\/{rel}","templated":true}]}}