{"id":268152,"date":"2025-12-23T12:59:19","date_gmt":"2025-12-23T11:59:19","guid":{"rendered":"https:\/\/www.cronacaonline.it\/?p=268152"},"modified":"2025-12-23T12:59:21","modified_gmt":"2025-12-23T11:59:21","slug":"comune-di-cagliari-servizi-di-igiene-urbana-nessuna-interruzione-durante-le-festivita","status":"publish","type":"post","link":"https:\/\/www.cronacaonline.it\/index.php\/2025\/12\/23\/comune-di-cagliari-servizi-di-igiene-urbana-nessuna-interruzione-durante-le-festivita\/","title":{"rendered":"Comune di Cagliari &#8211; Servizi di igiene urbana, nessuna interruzione durante le festivit\u00e0."},"content":{"rendered":"\n<p>Cagliari, 23 Dic 2025 - Durante le giornate del 25 e 26 dicembre 2025 e dell'1 e 6 gennaio 2026, la raccolta dei rifiuti porta a porta a Cagliari non subir\u00e0 variazioni o interruzioni. Il servizio seguir\u00e0 il calendario consueto, compreso il passaggio della Corriera Ecologica nel centro storico.<\/p>\n\n\n\n<p>Gli Ecocentri di viale Sant'Elia e via San Paolo e le Isole Ecologiche Mobili (via Pisano, angolo via Newton e parcheggio piazza Puglia), osserveranno i seguenti orari:<\/p>\n\n\n\n<p>mercoled\u00ec 24 e 31 dicembre, aperti dalle ore 8 alle 13;<\/p>\n\n\n\n<p>gioved\u00ec 25 e venerd\u00ec 26 dicembre, gioved\u00ec 1 e marted\u00ec 6 gennaio, chiusi tutto il giorno;<\/p>\n\n\n\n<p>domenica 28 dicembre e 4 gennaio, aperti dalle ore 8 alle 20.<\/p>\n\n\n\n<p>Il Centro Informazioni di viale Ciusa n. 133:<\/p>\n\n\n\n<p>mercoled\u00ec 24 e 31 dicembre, chiuso dalle ore 14;<\/p>\n\n\n\n<p>gioved\u00ec 25 e venerd\u00ec 26 dicembre, gioved\u00ec 1 e marted\u00ec 6 gennaio, chiuso;<\/p>\n\n\n\n<p>sabato 27 dicembre e luned\u00ec 5 gennaio, operativo dalle ore 8 alle 20.<\/p>\n\n\n\n<p>Il Centro del Riuso di via Contivecchi n. 8:<\/p>\n\n\n\n<p>mercoled\u00ec 24 e 31 dicembre, luned\u00ec 5 gennaio, chiuso (nelle giornate di marted\u00ec ordinariamente chiuso);<\/p>\n\n\n\n<p>sabato 27 dicembre e 3 gennaio, aperto dalle ore 10 alle 18. Com<\/p>\n","protected":false},"excerpt":{"rendered":"<p>Cagliari, 23 Dic 2025 &#8211; Durante le giornate del 25 e 26 dicembre 2025 e dell&#8217;1 e 6 gennaio 2026, la raccolta dei rifiuti porta&#8230;<\/p>\n","protected":false},"author":2,"featured_media":154965,"comment_status":"closed","ping_status":"open","sticky":false,"template":"","format":"standard","meta":[],"categories":[49,53],"tags":[],"_links":{"self":[{"href":"https:\/\/www.cronacaonline.it\/index.php\/wp-json\/wp\/v2\/posts\/268152"}],"collection":[{"href":"https:\/\/www.cronacaonline.it\/index.php\/wp-json\/wp\/v2\/posts"}],"about":[{"href":"https:\/\/www.cronacaonline.it\/index.php\/wp-json\/wp\/v2\/types\/post"}],"author":[{"embeddable":true,"href":"https:\/\/www.cronacaonline.it\/index.php\/wp-json\/wp\/v2\/users\/2"}],"replies":[{"embeddable":true,"href":"https:\/\/www.cronacaonline.it\/index.php\/wp-json\/wp\/v2\/comments?post=268152"}],"version-history":[{"count":1,"href":"https:\/\/www.cronacaonline.it\/index.php\/wp-json\/wp\/v2\/posts\/268152\/revisions"}],"predecessor-version":[{"id":268153,"href":"https:\/\/www.cronacaonline.it\/index.php\/wp-json\/wp\/v2\/posts\/268152\/revisions\/268153"}],"wp:featuredmedia":[{"embeddable":true,"href":"https:\/\/www.cronacaonline.it\/index.php\/wp-json\/wp\/v2\/media\/154965"}],"wp:attachment":[{"href":"https:\/\/www.cronacaonline.it\/index.php\/wp-json\/wp\/v2\/media?parent=268152"}],"wp:term":[{"taxonomy":"category","embeddable":true,"href":"https:\/\/www.cronacaonline.it\/index.php\/wp-json\/wp\/v2\/categories?post=268152"},{"taxonomy":"post_tag","embeddable":true,"href":"https:\/\/www.cronacaonline.it\/index.php\/wp-json\/wp\/v2\/tags?post=268152"}],"curies":[{"name":"wp","href":"https:\/\/api.w.org\/{rel}","templated":true}]}}