{"id":268056,"date":"2025-12-19T12:20:28","date_gmt":"2025-12-19T11:20:28","guid":{"rendered":"https:\/\/www.cronacaonline.it\/?p=268056"},"modified":"2025-12-19T12:20:32","modified_gmt":"2025-12-19T11:20:32","slug":"il-generale-di-divisione-andrea-di-stasio-ha-incontrato-il-personale-del-comando-militare-esercito-sardegna-e-delloperazione-strade-sicure","status":"publish","type":"post","link":"https:\/\/www.cronacaonline.it\/index.php\/2025\/12\/19\/il-generale-di-divisione-andrea-di-stasio-ha-incontrato-il-personale-del-comando-militare-esercito-sardegna-e-delloperazione-strade-sicure\/","title":{"rendered":"Il Generale di Divisione Andrea Di Stasio ha incontrato il personale del Comando Militare Esercito Sardegna e dell\u2019Operazione \u201cStrade Sicure\u201d."},"content":{"rendered":"\n<p>Cagliari, 19 Dic 2025 \u2013 Nell\u2019ambito delle visite istituzionali alle Unit\u00e0 dipendenti, il Comandante del Comando Territoriale Sud (ComTer Sud), Generale di Divisione Andrea Di Stasio si \u00e8 recato, nei giorni scorsi, in visita al Comando Militare Esercito Sardegna (CMESA).<\/p>\n\n\n\n<p>Accolto dal Generale di Brigata Stefano Scanu, il Generale Di Stasio ha assistito a un briefing informativo durante il quale sono stati illustrati i compiti e le attivit\u00e0 in corso e future.<\/p>\n\n\n\n<p>Successivamente, rivolgendosi alle donne e agli uomini del Cme, il Comandante del ComTer Sud ha sottolineato, con parole di apprezzamento per l\u2019impegno e la professionalit\u00e0 dimostrati, il ruolo svolto dal Comando sardo nel presidio territoriale e nella capacit\u00e0 di armonizzare le attivit\u00e0 militari con le esigenze della comunit\u00e0 locale. Infatti, tra i compiti principali rientrano la gestione delle attivit\u00e0 di presidio, la diffusione delle informazioni al pubblico, la promozione del reclutamento, il sostegno al ricollocamento professionale dei militari congedati, la gestione documentale e lo sviluppo della piena capacit\u00e0 di mobilitazione delle forze di riserva.<\/p>\n\n\n\n<p>Nell\u2019occasione, il Comandante del ComTer Sud, ha incontrato il personale impiegato nell\u2019ambito dell\u2019operazione \u201cStrade Sicure\u201d, per il presidio del Cpr di Macomer (NU) e della Casa Circondariale di Nuoro, ai quali ha espresso la riconoscenza per la professionalit\u00e0 con il quale stanno assolvendo il proprio compito istituzionale.<\/p>\n\n\n\n<p>Nel corso della visita, il Generale Di Stasio ha inoltre incontrato le autorit\u00e0 locali, tra le quali il Prefetto di Nuoro, il Questore di Cagliari e i Sindaci delle due citt\u00e0 ribadendo la piena disponibilit\u00e0 dell\u2019Esercito a operare in stretto coordinamento con le istituzioni locali a garanzia della sicurezza dei cittadini e della salvaguardia delle libere istituzioni. Com<\/p>\n","protected":false},"excerpt":{"rendered":"<p>Cagliari, 19 Dic 2025 \u2013 Nell\u2019ambito delle visite istituzionali alle Unit\u00e0 dipendenti, il Comandante del Comando Territoriale Sud (ComTer Sud), Generale di Divisione Andrea Di&#8230;<\/p>\n","protected":false},"author":2,"featured_media":268057,"comment_status":"closed","ping_status":"open","sticky":false,"template":"","format":"standard","meta":[],"categories":[49,53],"tags":[],"_links":{"self":[{"href":"https:\/\/www.cronacaonline.it\/index.php\/wp-json\/wp\/v2\/posts\/268056"}],"collection":[{"href":"https:\/\/www.cronacaonline.it\/index.php\/wp-json\/wp\/v2\/posts"}],"about":[{"href":"https:\/\/www.cronacaonline.it\/index.php\/wp-json\/wp\/v2\/types\/post"}],"author":[{"embeddable":true,"href":"https:\/\/www.cronacaonline.it\/index.php\/wp-json\/wp\/v2\/users\/2"}],"replies":[{"embeddable":true,"href":"https:\/\/www.cronacaonline.it\/index.php\/wp-json\/wp\/v2\/comments?post=268056"}],"version-history":[{"count":1,"href":"https:\/\/www.cronacaonline.it\/index.php\/wp-json\/wp\/v2\/posts\/268056\/revisions"}],"predecessor-version":[{"id":268058,"href":"https:\/\/www.cronacaonline.it\/index.php\/wp-json\/wp\/v2\/posts\/268056\/revisions\/268058"}],"wp:featuredmedia":[{"embeddable":true,"href":"https:\/\/www.cronacaonline.it\/index.php\/wp-json\/wp\/v2\/media\/268057"}],"wp:attachment":[{"href":"https:\/\/www.cronacaonline.it\/index.php\/wp-json\/wp\/v2\/media?parent=268056"}],"wp:term":[{"taxonomy":"category","embeddable":true,"href":"https:\/\/www.cronacaonline.it\/index.php\/wp-json\/wp\/v2\/categories?post=268056"},{"taxonomy":"post_tag","embeddable":true,"href":"https:\/\/www.cronacaonline.it\/index.php\/wp-json\/wp\/v2\/tags?post=268056"}],"curies":[{"name":"wp","href":"https:\/\/api.w.org\/{rel}","templated":true}]}}