{"id":267970,"date":"2025-12-17T11:32:48","date_gmt":"2025-12-17T10:32:48","guid":{"rendered":"https:\/\/www.cronacaonline.it\/?p=267970"},"modified":"2025-12-17T11:32:50","modified_gmt":"2025-12-17T10:32:50","slug":"asl-sassari-si-sono-aperte-le-porte-dellhospice-san-giovanni-battista","status":"publish","type":"post","link":"https:\/\/www.cronacaonline.it\/index.php\/2025\/12\/17\/asl-sassari-si-sono-aperte-le-porte-dellhospice-san-giovanni-battista\/","title":{"rendered":"Asl Sassari: si sono aperte le porte dell\u2019Hospice San Giovanni Battista."},"content":{"rendered":"\n<p>Sassari, 17 Dic 2025 - La Asl di Sassari, in seguito all\u2019accreditamento istituzionale, attiva l\u2019Hospice \u201cSan Giovanni Battista\u201d: la struttura realizzata a Ploaghe ospita il suo primo paziente, un sassarese 85enne, che da questa mattina e\u2019 stato registrato nella nuova struttura che sorge all\u2019interno del compendio dell\u2019Ex Fondazione San Giovanni Battista.<\/p>\n\n\n\n<p>La Asl n. 1, potenzia in questo modo la propria rete assistenziale territoriale con l\u2019attivazione dell\u2019Hospice residenziale che si integra alla rete delle cure palliative oncologiche domiciliari del Nord ovest Sardegna, che pu\u00f2 contare anche sui 6 posti letto dell\u2019Hospice San Pantaleo di Sorso, gestiti da un privato accreditato.<\/p>\n\n\n\n<p>In seguito alla concessione dell\u2019autorizzazione all\u2019esercizio e all\u2019accreditamento istituzionale rilasciata negli scorsi giorni dall\u2019Assessorato dell\u2019Igiene e Sanit\u00e0 e dell\u2019Assistenza sociale, la Asl di Sassari questa mattina ha attivato gli otto posti letto dell\u2019Hospice \u201cSan Giovanni Battista\u201d.<\/p>\n\n\n\n<p>All\u2019interno della struttura viene garantito un complesso integrato di prestazioni sanitarie assistenziali ed alberghiere, fornite in maniera continuativa per 24 ore al giorno, per 7 giorni alla settimana da personale altamente specializzato della Asl di Sassari.<\/p>\n\n\n\n<p>L\u2019Asl di Sassari, attraverso l\u2019Hospice \u201cSan Giovanni Battista\u201d, si pone l\u2019obiettivo di mantenere accettabile la qualit\u00e0 della vita, alleviare il dolore dell\u2019assistito ed il senso di impotenza dei familiari., intende inoltre ridurre il numero di ricoveri e di giornate di ricovero in strutture di degenza per acuti; inoltre punta a completare l\u2019offerta assistenziale delle cure domiciliari integrate nel territorio, e migliorare la qualit\u00e0 dei percorsi di continuit\u00e0 assistenziale.<\/p>\n\n\n\n<p>La struttura<\/p>\n\n\n\n<p>La struttura e\u2019 stata realizzata all\u2019interno del compendio dell\u2019Ex Fondazione San Giovanni Battista, con un finanziamento Regionale di un milione di euro, che ha consentito di ristrutturato una palazzina di circa 1.200 metri quadri. La struttura si sviluppa su due piani: al piano terra e\u2019 stata allestita l\u2019area dell\u2019accoglienza, delle attivit\u00e0 sanitarie (ambulatori, sala riunione, sala per i colloqui, spogliatoi, palestra); al primo piano sono presenti sei stanze singole e una doppia, per un totale di 8 posti letto, tutte dotate di bagno in camera e poltrona, oltre all\u2019area relax e soggiorno, con annessa cucina attrezzata che verr\u00e0 a messa a disposizione dei pazienti e dei lori parenti, e agli spazi dedicati alla guardiania e alla preparazione dei farmaci.<\/p>\n\n\n\n<p>Particolare attenzione e\u2019 stata dedicata allo studio degli spazi interni e, grazie al dono di diversi artisti, ha avviato al suo interno un percorso di umanizzazione degli spazi, nella convinzione che le caratteristiche psico-sociali e ambientali dei luoghi di cura possano incidere in modo significativo non solo sul benessere fisico, ma anche su quello psicologico e relazionale delle persone; un ambiente accogliente, armonioso e ricco di stimoli affettivi pu\u00f2 favorire una migliore risposta emotiva degli ospiti, contribuendo cos\u00ec al miglioramento degli esiti clinici e della percezione di sicurezza&nbsp; e cura.<\/p>\n\n\n\n<p>\u201cCon grande impegno e senso di responsabilit\u00e0 l'equipe multidisciplinare di cure palliative dalla giornata di oggi sar\u00e0 pronta ad accogliere&nbsp;i pazienti, in un luogo di cura che per\u00f2 vuol esser anche di speranza\u201d, dichiara Vanna Chessa, direttore della Sc Anestesia territoriale e cure palliative della Asl 1, all\u2019interno del quale si inserisce l\u2019Hospice San Giovanni Battista di Ploaghe.<\/p>\n\n\n\n<p>Come si accede alla struttura?<\/p>\n\n\n\n<p>I pazienti che si trovano in quella fase della malattia non pi\u00f9 suscettibile di guarigione, e per i quali non risultano adeguate le altre forme di assistenza (come i pazienti in fase avanzata e avanzatissima di malattia, con una presumibile aspettativa di vita inferiore a sei mesi, e per i quali non vi fossero le condizioni per garantire l\u2019assistenza a domicilio) vi possono accedere su proposta del Medico di Medicina generale o dei Medici ospedalieri.&nbsp; Com<\/p>\n","protected":false},"excerpt":{"rendered":"<p>Sassari, 17 Dic 2025 &#8211; La Asl di Sassari, in seguito all\u2019accreditamento istituzionale, attiva l\u2019Hospice \u201cSan Giovanni Battista\u201d: la struttura realizzata a Ploaghe ospita il&#8230;<\/p>\n","protected":false},"author":2,"featured_media":267971,"comment_status":"closed","ping_status":"open","sticky":false,"template":"","format":"standard","meta":[],"categories":[49,53],"tags":[],"_links":{"self":[{"href":"https:\/\/www.cronacaonline.it\/index.php\/wp-json\/wp\/v2\/posts\/267970"}],"collection":[{"href":"https:\/\/www.cronacaonline.it\/index.php\/wp-json\/wp\/v2\/posts"}],"about":[{"href":"https:\/\/www.cronacaonline.it\/index.php\/wp-json\/wp\/v2\/types\/post"}],"author":[{"embeddable":true,"href":"https:\/\/www.cronacaonline.it\/index.php\/wp-json\/wp\/v2\/users\/2"}],"replies":[{"embeddable":true,"href":"https:\/\/www.cronacaonline.it\/index.php\/wp-json\/wp\/v2\/comments?post=267970"}],"version-history":[{"count":1,"href":"https:\/\/www.cronacaonline.it\/index.php\/wp-json\/wp\/v2\/posts\/267970\/revisions"}],"predecessor-version":[{"id":267972,"href":"https:\/\/www.cronacaonline.it\/index.php\/wp-json\/wp\/v2\/posts\/267970\/revisions\/267972"}],"wp:featuredmedia":[{"embeddable":true,"href":"https:\/\/www.cronacaonline.it\/index.php\/wp-json\/wp\/v2\/media\/267971"}],"wp:attachment":[{"href":"https:\/\/www.cronacaonline.it\/index.php\/wp-json\/wp\/v2\/media?parent=267970"}],"wp:term":[{"taxonomy":"category","embeddable":true,"href":"https:\/\/www.cronacaonline.it\/index.php\/wp-json\/wp\/v2\/categories?post=267970"},{"taxonomy":"post_tag","embeddable":true,"href":"https:\/\/www.cronacaonline.it\/index.php\/wp-json\/wp\/v2\/tags?post=267970"}],"curies":[{"name":"wp","href":"https:\/\/api.w.org\/{rel}","templated":true}]}}