{"id":267447,"date":"2025-12-01T12:28:09","date_gmt":"2025-12-01T11:28:09","guid":{"rendered":"https:\/\/www.cronacaonline.it\/?p=267447"},"modified":"2025-12-01T12:28:12","modified_gmt":"2025-12-01T11:28:12","slug":"aou-sassari-e-arp-spa-insieme-per-la-mobilita-sostenibile-al-via-la-linea-sperimentale-per-i-dipendenti-dellazienda-ospedaliero-universitaria-e-aperta-a-tutta-la-cittadinanza","status":"publish","type":"post","link":"https:\/\/www.cronacaonline.it\/index.php\/2025\/12\/01\/aou-sassari-e-arp-spa-insieme-per-la-mobilita-sostenibile-al-via-la-linea-sperimentale-per-i-dipendenti-dellazienda-ospedaliero-universitaria-e-aperta-a-tutta-la-cittadinanza\/","title":{"rendered":"Aou Sassari e Arp SpA insieme per la mobilit\u00e0 sostenibile: al via la linea sperimentale per i dipendenti dell\u2019azienda ospedaliero universitaria e aperta a tutta la cittadinanza."},"content":{"rendered":"\n<p>Sassari,1 Dic 2025 \u2013 Da oggi, primo dicembre, i dipendenti dell\u2019Aou di Sassari avranno a disposizione, in via sperimentale, una linea urbana pensata per alleggerire traffico e carenza di parcheggi intorno agli ospedali. Il servizio, realizzato in sinergia con l\u2019Azienda Trasporti Pubblici di Sassari, \u00e8 aperto naturalmente a tutta la cittadinanza ed \u00e8 stato presentato stamattina durante una conferenza stampa che si \u00e8 tenuta nella sala riunioni della direzione generale dell\u2019Aou di Sassari al secondo piano del palazzo Bompiani in viale San Pietro. Per l\u2019Aou di Sassari erano presenti\u00a0Mario Palermo,\u00a0commissario straordinario,\u00a0Alberto Mura\u00a0direttore amministrativo,\u00a0Gianfranco Bichiri\u00a0mobility manager\u00a0e\u00a0Marina Crasti, direttrice del servizio Affari generali, legali, Comunicazione e Urp, per ATP SpA sono intervenuti\u00a0Alessandro Zara\u00a0presidente e\u00a0Roberto Mura\u00a0direttore generale, inoltre ha partecipato\u00a0Giuseppe Mascia, sindaco di Sassari.\u00a0<\/p>\n\n\n\n<p>Nel corso dell\u2019incontro sono state illustrate le caratteristiche del servizio e gli obiettivi che le due aziende si sono prefissate per&nbsp;incentivare l\u2019utilizzo del mezzo pubblico rispetto all\u2019auto privata per i dipendenti e le dipendenti dell'Aou di Sassari&nbsp;che vivono nella periferia nord della citt\u00e0, nell'agro o nei paesi limitrofi. Il collegamento sperimentale metter\u00e0 in connessione diretta il parcheggio di via Pirandello con le strutture sanitarie dell\u2019azienda ospedaliero universitaria, con corse programmate principalmente negli orari di ingresso e uscita dai turni di lavoro. Il centro di interscambio di via Pirandello \u00e8 stato individuato perch\u00e9 da quell\u2019area proviene circa il 40% dei dipendenti residenti in citt\u00e0 (circa 600) e una quota significativa di personale proveniente dai centri vicini di Sorso, Sennori e Castelsardo (stimati 250 lavoratori).<\/p>\n\n\n\n<p>\u00abQuesto progetto rappresenta un passo concreto verso una mobilit\u00e0 pi\u00f9 sostenibile e una migliore qualit\u00e0 della vita lavorativa dei nostri dipendenti. Ridurre traffico, stress e costi quotidiani \u00e8 un obiettivo che perseguiamo da tempo e la collaborazione con ATP ci permette di offrire un servizio dedicato, pensato sulle reali esigenze del personale. \u00c8 un investimento non solo logistico, ma culturale: un invito a ripensare gli spostamenti in modo pi\u00f9 moderno, efficiente e rispettoso dell\u2019ambiente\u00bb, ha dichiarato il commissario straordinario&nbsp;Mario Palermo.&nbsp;<\/p>\n\n\n\n<p>L\u2019accesso alle sedi ospedaliere rappresenta da anni un problema significativo per la citt\u00e0: traffico congestionato, difficolt\u00e0 nel reperire parcheggi sicuri, costi elevati di sosta, tempi di percorrenza casa\u2013lavoro spesso sproporzionati rispetto alle distanze effettive. Tutti elementi che incidono sulla qualit\u00e0 della vita, sulla serenit\u00e0 lavorativa e sul principio di conciliazione vita-lavoro.<\/p>\n\n\n\n<p>\u00abCon il potenziamento della linea 25 compiamo un passo concreto verso una Sassari pi\u00f9 moderna, accogliente e sostenibile. Offriamo ai dipendenti dell\u2019Aou \u2013 e a tutta la comunit\u00e0 \u2013 un\u2019opportunit\u00e0 reale per migliorare la propria qualit\u00e0 di vita: meno traffico, meno stress e spostamenti pi\u00f9 rapidi e sicuri. \u00c8 una scelta che fa bene alle persone e all\u2019ambiente, perch\u00e9 una citt\u00e0 meno congestionata \u00e8 una citt\u00e0 pi\u00f9 vivibile per tutti. Questo servizio non \u00e8 pensato solo per chi lavora negli ospedali, ma anche per i residenti dei quartieri nord, dei paesi limitrofi e dell\u2019agro, che potranno raggiungere le strutture sanitarie in modo facile e confortevole. Siamo orgogliosi di mettere in campo un intervento che guarda al futuro e mette al centro il benessere della collettivit\u00e0\u00bb, ha dichiarato&nbsp;Alessandro Zara, presidente di Atp S.p.A.&nbsp;<\/p>\n\n\n\n<p>Durante la fase sperimentale, i lavoratori potranno parcheggiare gratuitamente presso l\u2019area di via Pirandello, utilizzare l\u2019autobus per raggiungere comodamente la sede di lavoro, rientrare allo stesso punto di interscambio al termine del turno. Si precisa che il servizio non \u00e8 gratuito: per poterne usufruire \u00e8 necessario, come di consueto, essere in possesso di un valido titolo di viaggio, cos\u00ec come previsto per l\u2019intero servizio di trasporto pubblico realizzato da Atp SpA.<\/p>\n\n\n\n<p>Il tragitto della nuova linea comprende: via Pirandello \u2192 via Pascoli \u2192 viale Umberto I \u2192 via Manno \u2192 Emiciclo Garibaldi \u2192 viale Italia (fronte Pronto Soccorso) con fermate obbligatorie intermedie pensate per includere i quartieri Sacro Cuore, Monte Rosello Basso, Cappuccini, Centro Storico e Centro Urbano.&nbsp;<\/p>\n\n\n\n<p>\u00abRipensare il trasporto pubblico locale in funzione delle esigenze di persone accomunateda abitudini analoghe significa rendere la citt\u00e0 pi\u00f9 funzionale, pi\u00f9 vivibile, pi\u00f9&nbsp;sostenibile, pi\u00f9 fruibile e pi\u00f9 accogliente. Questa \u00e8 la dimostrazione di quanto di buono pu\u00f2 realizzarsi quando istituzioni pubbliche e privati collaborano per realizzare servizi che al tempo stesso soddisfano esigenze diffuse e risolvono problemi cronici. Inoltre, decongestionare il traffico intorno agli ospedali concorre a migliorare la qualit\u00e0 stessa dei servizi sanitari che una citt\u00e0 come Sassari assicura a un territorio ben pi\u00f9 ampio del suo\u00bb, ha concluso&nbsp;Giuseppe Mascia, il sindaco di Sassari. Com<\/p>\n","protected":false},"excerpt":{"rendered":"<p>Sassari,1 Dic 2025 \u2013 Da oggi, primo dicembre, i dipendenti dell\u2019Aou di Sassari avranno a disposizione, in via sperimentale, una linea urbana pensata per alleggerire&#8230;<\/p>\n","protected":false},"author":2,"featured_media":267448,"comment_status":"closed","ping_status":"open","sticky":false,"template":"","format":"standard","meta":[],"categories":[49,53],"tags":[],"_links":{"self":[{"href":"https:\/\/www.cronacaonline.it\/index.php\/wp-json\/wp\/v2\/posts\/267447"}],"collection":[{"href":"https:\/\/www.cronacaonline.it\/index.php\/wp-json\/wp\/v2\/posts"}],"about":[{"href":"https:\/\/www.cronacaonline.it\/index.php\/wp-json\/wp\/v2\/types\/post"}],"author":[{"embeddable":true,"href":"https:\/\/www.cronacaonline.it\/index.php\/wp-json\/wp\/v2\/users\/2"}],"replies":[{"embeddable":true,"href":"https:\/\/www.cronacaonline.it\/index.php\/wp-json\/wp\/v2\/comments?post=267447"}],"version-history":[{"count":1,"href":"https:\/\/www.cronacaonline.it\/index.php\/wp-json\/wp\/v2\/posts\/267447\/revisions"}],"predecessor-version":[{"id":267449,"href":"https:\/\/www.cronacaonline.it\/index.php\/wp-json\/wp\/v2\/posts\/267447\/revisions\/267449"}],"wp:featuredmedia":[{"embeddable":true,"href":"https:\/\/www.cronacaonline.it\/index.php\/wp-json\/wp\/v2\/media\/267448"}],"wp:attachment":[{"href":"https:\/\/www.cronacaonline.it\/index.php\/wp-json\/wp\/v2\/media?parent=267447"}],"wp:term":[{"taxonomy":"category","embeddable":true,"href":"https:\/\/www.cronacaonline.it\/index.php\/wp-json\/wp\/v2\/categories?post=267447"},{"taxonomy":"post_tag","embeddable":true,"href":"https:\/\/www.cronacaonline.it\/index.php\/wp-json\/wp\/v2\/tags?post=267447"}],"curies":[{"name":"wp","href":"https:\/\/api.w.org\/{rel}","templated":true}]}}